{"id":8531,"date":"2025-06-04T10:01:14","date_gmt":"2025-06-04T10:01:14","guid":{"rendered":"https:\/\/blogsaverroes.juntadeandalucia.es\/ceiploscalifas\/?p=8531"},"modified":"2025-06-04T10:01:14","modified_gmt":"2025-06-04T10:01:14","slug":"encuentro-de-mediadores","status":"publish","type":"post","link":"https:\/\/blogsaverroes.juntadeandalucia.es\/ceiploscalifas\/encuentro-de-mediadores\/","title":{"rendered":"Encuentro de mediadores"},"content":{"rendered":"<p>El martes 3 de junio, dos representantes del alumnado mediador de quinto de primaria de nuestro colegio&nbsp; participaron en el Encuentro Provincial Intercentros de Cerro, una jornada organizada por el Gabinete de Convivencia del ETPOEP.<\/p>\n<p>Durante el evento, nuestro alumnado disfrut\u00f3 de actividades y juegos inclusivos dirigidos por profesorado y alumnado del IES L\u00f3pez Neyra y Galileo Galilei. Fue un d\u00eda enriquecedor donde compartimos experiencias, aprendimos nuevas estrategias de mediaci\u00f3n y estrechamos lazos con otros colegios.<\/p>\n<p>Nos llevamos valiosas lecciones y grandes recuerdos de esta experiencia.<\/p>\n<p>\u00a1Esperamos con ilusi\u00f3n el pr\u00f3ximo encuentro el a\u00f1o que viene!<\/p>\nngg_shortcode_0_placeholder\n","protected":false},"excerpt":{"rendered":"<p>El martes 3 de junio, dos representantes del alumnado mediador de quinto de primaria de nuestro colegio&nbsp; participaron en el Encuentro Provincial Intercentros de Cerro, una jornada organizada por el Gabinete de Convivencia del&#46;&#46;&#46;<\/p>\n","protected":false},"author":11387,"featured_media":8544,"comment_status":"open","ping_status":"open","sticky":false,"template":"","format":"standard","meta":{"ngg_post_thumbnail":0,"footnotes":""},"categories":[5991,784,26636,2351781],"tags":[2351715,2351652,2351697,2351782,276],"aioseo_notices":[],"_links":{"self":[{"href":"https:\/\/blogsaverroes.juntadeandalucia.es\/ceiploscalifas\/wp-json\/wp\/v2\/posts\/8531"}],"collection":[{"href":"https:\/\/blogsaverroes.juntadeandalucia.es\/ceiploscalifas\/wp-json\/wp\/v2\/posts"}],"about":[{"href":"https:\/\/blogsaverroes.juntadeandalucia.es\/ceiploscalifas\/wp-json\/wp\/v2\/types\/post"}],"author":[{"embeddable":true,"href":"https:\/\/blogsaverroes.juntadeandalucia.es\/ceiploscalifas\/wp-json\/wp\/v2\/users\/11387"}],"replies":[{"embeddable":true,"href":"https:\/\/blogsaverroes.juntadeandalucia.es\/ceiploscalifas\/wp-json\/wp\/v2\/comments?post=8531"}],"version-history":[{"count":2,"href":"https:\/\/blogsaverroes.juntadeandalucia.es\/ceiploscalifas\/wp-json\/wp\/v2\/posts\/8531\/revisions"}],"predecessor-version":[{"id":8546,"href":"https:\/\/blogsaverroes.juntadeandalucia.es\/ceiploscalifas\/wp-json\/wp\/v2\/posts\/8531\/revisions\/8546"}],"wp:featuredmedia":[{"embeddable":true,"href":"https:\/\/blogsaverroes.juntadeandalucia.es\/ceiploscalifas\/wp-json\/wp\/v2\/media\/8544"}],"wp:attachment":[{"href":"https:\/\/blogsaverroes.juntadeandalucia.es\/ceiploscalifas\/wp-json\/wp\/v2\/media?parent=8531"}],"wp:term":[{"taxonomy":"category","embeddable":true,"href":"https:\/\/blogsaverroes.juntadeandalucia.es\/ceiploscalifas\/wp-json\/wp\/v2\/categories?post=8531"},{"taxonomy":"post_tag","embeddable":true,"href":"https:\/\/blogsaverroes.juntadeandalucia.es\/ceiploscalifas\/wp-json\/wp\/v2\/tags?post=8531"}],"curies":[{"name":"wp","href":"https:\/\/api.w.org\/{rel}","templated":true}]}}