{"id":9032,"date":"2025-12-19T09:30:08","date_gmt":"2025-12-19T09:30:08","guid":{"rendered":"https:\/\/blogsaverroes.juntadeandalucia.es\/ceiploscalifas\/?p=9032"},"modified":"2025-12-19T09:31:21","modified_gmt":"2025-12-19T09:31:21","slug":"9032-2","status":"publish","type":"post","link":"https:\/\/blogsaverroes.juntadeandalucia.es\/ceiploscalifas\/9032-2\/","title":{"rendered":"Felicitaci\u00f3n navide\u00f1a"},"content":{"rendered":"<p>Desde el CEIP \u201cLos Califas\u201d queremos desear una Feliz Navidad a toda la comunidad educativa.<\/p>\n<p>En estas fechas tan especiales, queremos enviar nuestro cari\u00f1o y nuestros mejores deseos a las familias, al alumnado y a todo el personal del centro.<\/p>\n<p>Que estos d\u00edas est\u00e9n llenos de ilusi\u00f3n, alegr\u00eda y momentos compartidos. Gracias por acompa\u00f1arnos un a\u00f1o m\u00e1s y por formar parte de esta gran familia educativa.<\/p>\n<p>\u00a1Feliz Navidad y pr\u00f3spero A\u00f1o Nuevo!<\/p>\n<p><a href=\"https:\/\/blogsaverroes.juntadeandalucia.es\/ceiploscalifas\/9032-2\/img-20251218-wa0025\/\" rel=\"attachment wp-att-9033\"><img loading=\"lazy\" decoding=\"async\" class=\"aligncenter size-large wp-image-9033\" src=\"https:\/\/blogsaverroes.juntadeandalucia.es\/ceiploscalifas\/files\/2025\/12\/IMG-20251218-WA0025-1024x727.jpg\" alt=\"\" width=\"1024\" height=\"727\" srcset=\"https:\/\/blogsaverroes.juntadeandalucia.es\/ceiploscalifas\/files\/2025\/12\/IMG-20251218-WA0025-1024x727.jpg 1024w, https:\/\/blogsaverroes.juntadeandalucia.es\/ceiploscalifas\/files\/2025\/12\/IMG-20251218-WA0025-300x213.jpg 300w, https:\/\/blogsaverroes.juntadeandalucia.es\/ceiploscalifas\/files\/2025\/12\/IMG-20251218-WA0025-768x545.jpg 768w, https:\/\/blogsaverroes.juntadeandalucia.es\/ceiploscalifas\/files\/2025\/12\/IMG-20251218-WA0025-1536x1091.jpg 1536w, https:\/\/blogsaverroes.juntadeandalucia.es\/ceiploscalifas\/files\/2025\/12\/IMG-20251218-WA0025.jpg 1600w\" sizes=\"(max-width: 1024px) 100vw, 1024px\" \/><\/a><\/p>\n","protected":false},"excerpt":{"rendered":"<p>Desde el CEIP \u201cLos Califas\u201d queremos desear una Feliz Navidad a toda la comunidad educativa. En estas fechas tan especiales, queremos enviar nuestro cari\u00f1o y nuestros mejores deseos a las familias, al alumnado y&#46;&#46;&#46;<\/p>\n","protected":false},"author":11387,"featured_media":9001,"comment_status":"open","ping_status":"open","sticky":false,"template":"","format":"standard","meta":{"ngg_post_thumbnail":0,"footnotes":""},"categories":[784,26636,4956,2351791,2351679],"tags":[2351652,2351699,2351678,2351675,276],"aioseo_notices":[],"_links":{"self":[{"href":"https:\/\/blogsaverroes.juntadeandalucia.es\/ceiploscalifas\/wp-json\/wp\/v2\/posts\/9032"}],"collection":[{"href":"https:\/\/blogsaverroes.juntadeandalucia.es\/ceiploscalifas\/wp-json\/wp\/v2\/posts"}],"about":[{"href":"https:\/\/blogsaverroes.juntadeandalucia.es\/ceiploscalifas\/wp-json\/wp\/v2\/types\/post"}],"author":[{"embeddable":true,"href":"https:\/\/blogsaverroes.juntadeandalucia.es\/ceiploscalifas\/wp-json\/wp\/v2\/users\/11387"}],"replies":[{"embeddable":true,"href":"https:\/\/blogsaverroes.juntadeandalucia.es\/ceiploscalifas\/wp-json\/wp\/v2\/comments?post=9032"}],"version-history":[{"count":3,"href":"https:\/\/blogsaverroes.juntadeandalucia.es\/ceiploscalifas\/wp-json\/wp\/v2\/posts\/9032\/revisions"}],"predecessor-version":[{"id":9036,"href":"https:\/\/blogsaverroes.juntadeandalucia.es\/ceiploscalifas\/wp-json\/wp\/v2\/posts\/9032\/revisions\/9036"}],"wp:featuredmedia":[{"embeddable":true,"href":"https:\/\/blogsaverroes.juntadeandalucia.es\/ceiploscalifas\/wp-json\/wp\/v2\/media\/9001"}],"wp:attachment":[{"href":"https:\/\/blogsaverroes.juntadeandalucia.es\/ceiploscalifas\/wp-json\/wp\/v2\/media?parent=9032"}],"wp:term":[{"taxonomy":"category","embeddable":true,"href":"https:\/\/blogsaverroes.juntadeandalucia.es\/ceiploscalifas\/wp-json\/wp\/v2\/categories?post=9032"},{"taxonomy":"post_tag","embeddable":true,"href":"https:\/\/blogsaverroes.juntadeandalucia.es\/ceiploscalifas\/wp-json\/wp\/v2\/tags?post=9032"}],"curies":[{"name":"wp","href":"https:\/\/api.w.org\/{rel}","templated":true}]}}