{"id":9168,"date":"2026-02-13T18:40:15","date_gmt":"2026-02-13T18:40:15","guid":{"rendered":"https:\/\/blogsaverroes.juntadeandalucia.es\/ceiploscalifas\/?p=9168"},"modified":"2026-02-13T18:42:10","modified_gmt":"2026-02-13T18:42:10","slug":"9168-2","status":"publish","type":"post","link":"https:\/\/blogsaverroes.juntadeandalucia.es\/ceiploscalifas\/9168-2\/","title":{"rendered":"Cuidamos nuestros r\u00edos y mares"},"content":{"rendered":"<p>Ayer jueves, nuestro alumnado de 3\u00ba disfrut\u00f3 de una jornada repleta de actividades destinadas a fomentar la conciencia sobre la importancia de proteger nuestros r\u00edos y mares. A trav\u00e9s de juegos, din\u00e1micas y propuestas participativas, comprendieron mejor por qu\u00e9 es esencial cuidar estos espacios naturales para garantizar el bienestar de nuestro planeta.<\/p>\n<p>Fue una experiencia enriquecedora que combin\u00f3 aprendizaje, diversi\u00f3n y compromiso ambiental. Seguimos trabajando para formar ciudadanos responsables y respetuosos con el entorno.<\/p>\nngg_shortcode_0_placeholder\n","protected":false},"excerpt":{"rendered":"<p>Ayer jueves, nuestro alumnado de 3\u00ba disfrut\u00f3 de una jornada repleta de actividades destinadas a fomentar la conciencia sobre la importancia de proteger nuestros r\u00edos y mares. A trav\u00e9s de juegos, din\u00e1micas y propuestas&#46;&#46;&#46;<\/p>\n","protected":false},"author":11387,"featured_media":9177,"comment_status":"open","ping_status":"open","sticky":false,"template":"","format":"standard","meta":{"ngg_post_thumbnail":0,"footnotes":""},"categories":[5991,2351774,784,2351696],"tags":[2351715,2351775,2351652,2351699,2351697],"aioseo_notices":[],"_links":{"self":[{"href":"https:\/\/blogsaverroes.juntadeandalucia.es\/ceiploscalifas\/wp-json\/wp\/v2\/posts\/9168"}],"collection":[{"href":"https:\/\/blogsaverroes.juntadeandalucia.es\/ceiploscalifas\/wp-json\/wp\/v2\/posts"}],"about":[{"href":"https:\/\/blogsaverroes.juntadeandalucia.es\/ceiploscalifas\/wp-json\/wp\/v2\/types\/post"}],"author":[{"embeddable":true,"href":"https:\/\/blogsaverroes.juntadeandalucia.es\/ceiploscalifas\/wp-json\/wp\/v2\/users\/11387"}],"replies":[{"embeddable":true,"href":"https:\/\/blogsaverroes.juntadeandalucia.es\/ceiploscalifas\/wp-json\/wp\/v2\/comments?post=9168"}],"version-history":[{"count":2,"href":"https:\/\/blogsaverroes.juntadeandalucia.es\/ceiploscalifas\/wp-json\/wp\/v2\/posts\/9168\/revisions"}],"predecessor-version":[{"id":9179,"href":"https:\/\/blogsaverroes.juntadeandalucia.es\/ceiploscalifas\/wp-json\/wp\/v2\/posts\/9168\/revisions\/9179"}],"wp:featuredmedia":[{"embeddable":true,"href":"https:\/\/blogsaverroes.juntadeandalucia.es\/ceiploscalifas\/wp-json\/wp\/v2\/media\/9177"}],"wp:attachment":[{"href":"https:\/\/blogsaverroes.juntadeandalucia.es\/ceiploscalifas\/wp-json\/wp\/v2\/media?parent=9168"}],"wp:term":[{"taxonomy":"category","embeddable":true,"href":"https:\/\/blogsaverroes.juntadeandalucia.es\/ceiploscalifas\/wp-json\/wp\/v2\/categories?post=9168"},{"taxonomy":"post_tag","embeddable":true,"href":"https:\/\/blogsaverroes.juntadeandalucia.es\/ceiploscalifas\/wp-json\/wp\/v2\/tags?post=9168"}],"curies":[{"name":"wp","href":"https:\/\/api.w.org\/{rel}","templated":true}]}}