{"id":9241,"date":"2026-02-26T16:01:11","date_gmt":"2026-02-26T16:01:11","guid":{"rendered":"https:\/\/blogsaverroes.juntadeandalucia.es\/ceiploscalifas\/?p=9241"},"modified":"2026-02-26T16:01:11","modified_gmt":"2026-02-26T16:01:11","slug":"una-manana-llena-de-personajes-andaluces-y-leyendas","status":"publish","type":"post","link":"https:\/\/blogsaverroes.juntadeandalucia.es\/ceiploscalifas\/una-manana-llena-de-personajes-andaluces-y-leyendas\/","title":{"rendered":"Una ma\u00f1ana llena de personajes andaluces y leyendas"},"content":{"rendered":"<p>La ma\u00f1ana de hoy ha estado cargada de leyendas, de personajes de nuestra tierra y de las historias incre\u00edbles que los acompa\u00f1an. Ha sido una oportunidad para acercarnos a ese patrimonio cultural que, a veces sin darnos cuenta, forma parte de nuestra identidad colectiva.<\/p>\n<p>A trav\u00e9s de cada relato hemos descubierto nuevas miradas sobre el arte inmenso que nos rodea: tradiciones que siguen vivas, voces que se transmiten de generaci\u00f3n en generaci\u00f3n y expresiones que hablan de qui\u00e9nes somos. Ha sido una experiencia enriquecedora que nos invita a seguir explorando y valorando la riqueza cultural que tenemos tan cerca.<\/p>\n<div style=\"width: 1920px;\" class=\"wp-video\"><!--[if lt IE 9]><script>document.createElement('video');<\/script><![endif]-->\n<video class=\"wp-video-shortcode\" id=\"video-9241-1\" width=\"1920\" height=\"1080\" preload=\"metadata\" controls=\"controls\"><source type=\"video\/mp4\" src=\"https:\/\/blogsaverroes.juntadeandalucia.es\/ceiploscalifas\/files\/2026\/02\/DIA-4.mp4?_=1\" \/><a href=\"https:\/\/blogsaverroes.juntadeandalucia.es\/ceiploscalifas\/files\/2026\/02\/DIA-4.mp4\">https:\/\/blogsaverroes.juntadeandalucia.es\/ceiploscalifas\/files\/2026\/02\/DIA-4.mp4<\/a><\/video><\/div>\n","protected":false},"excerpt":{"rendered":"<p>La ma\u00f1ana de hoy ha estado cargada de leyendas, de personajes de nuestra tierra y de las historias incre\u00edbles que los acompa\u00f1an. Ha sido una oportunidad para acercarnos a ese patrimonio cultural que, a&#46;&#46;&#46;<\/p>\n","protected":false},"author":11387,"featured_media":9244,"comment_status":"open","ping_status":"open","sticky":false,"template":"","format":"standard","meta":{"ngg_post_thumbnail":0,"footnotes":""},"categories":[5991,784,26636],"tags":[2351879,2351652,2351874,2351782,2351877,2351878],"aioseo_notices":[],"_links":{"self":[{"href":"https:\/\/blogsaverroes.juntadeandalucia.es\/ceiploscalifas\/wp-json\/wp\/v2\/posts\/9241"}],"collection":[{"href":"https:\/\/blogsaverroes.juntadeandalucia.es\/ceiploscalifas\/wp-json\/wp\/v2\/posts"}],"about":[{"href":"https:\/\/blogsaverroes.juntadeandalucia.es\/ceiploscalifas\/wp-json\/wp\/v2\/types\/post"}],"author":[{"embeddable":true,"href":"https:\/\/blogsaverroes.juntadeandalucia.es\/ceiploscalifas\/wp-json\/wp\/v2\/users\/11387"}],"replies":[{"embeddable":true,"href":"https:\/\/blogsaverroes.juntadeandalucia.es\/ceiploscalifas\/wp-json\/wp\/v2\/comments?post=9241"}],"version-history":[{"count":1,"href":"https:\/\/blogsaverroes.juntadeandalucia.es\/ceiploscalifas\/wp-json\/wp\/v2\/posts\/9241\/revisions"}],"predecessor-version":[{"id":9245,"href":"https:\/\/blogsaverroes.juntadeandalucia.es\/ceiploscalifas\/wp-json\/wp\/v2\/posts\/9241\/revisions\/9245"}],"wp:featuredmedia":[{"embeddable":true,"href":"https:\/\/blogsaverroes.juntadeandalucia.es\/ceiploscalifas\/wp-json\/wp\/v2\/media\/9244"}],"wp:attachment":[{"href":"https:\/\/blogsaverroes.juntadeandalucia.es\/ceiploscalifas\/wp-json\/wp\/v2\/media?parent=9241"}],"wp:term":[{"taxonomy":"category","embeddable":true,"href":"https:\/\/blogsaverroes.juntadeandalucia.es\/ceiploscalifas\/wp-json\/wp\/v2\/categories?post=9241"},{"taxonomy":"post_tag","embeddable":true,"href":"https:\/\/blogsaverroes.juntadeandalucia.es\/ceiploscalifas\/wp-json\/wp\/v2\/tags?post=9241"}],"curies":[{"name":"wp","href":"https:\/\/api.w.org\/{rel}","templated":true}]}}