{"id":9465,"date":"2026-04-30T15:20:44","date_gmt":"2026-04-30T15:20:44","guid":{"rendered":"https:\/\/blogsaverroes.juntadeandalucia.es\/ceiploscalifas\/?p=9465"},"modified":"2026-04-30T15:27:14","modified_gmt":"2026-04-30T15:27:14","slug":"9465-2","status":"publish","type":"post","link":"https:\/\/blogsaverroes.juntadeandalucia.es\/ceiploscalifas\/9465-2\/","title":{"rendered":"Finalizan nuestras XIV Jornadas de M\u00fasica y Teatro"},"content":{"rendered":"<p>Nuestras XIV Jornadas de M\u00fasica y Teatro han llegado esta ma\u00f1ana a su fin tras diez d\u00edas llenos de arte, creatividad y emoci\u00f3n. Nuestro alumnado ha demostrado, una vez m\u00e1s, su talento, su esfuerzo y sus ganas de compartir con toda la comunidad educativa el trabajo realizado.<\/p>\n<p>Este a\u00f1o tambi\u00e9n hemos contado tambi\u00e9n con la participaci\u00f3n de nuestros maestros y maestras, que presentaron la obra \u201cPrincesa va al teatro\u201d. Su puesta en escena ofreci\u00f3 un espect\u00e1culo lleno de alegr\u00eda y diversi\u00f3n que hizo disfrutar a todo el alumnado asistente y a\u00f1adi\u00f3 un toque muy especial a esta edici\u00f3n.<\/p>\n<p>Agradecemos la implicaci\u00f3n del profesorado, el entusiasmo del alumnado y el apoyo constante de las familias. Gracias a todos ellos, estas jornadas contin\u00faan creciendo y consolid\u00e1ndose como una de las experiencias m\u00e1s enriquecedoras de nuestro centro.<\/p>\nngg_shortcode_0_placeholder\n","protected":false},"excerpt":{"rendered":"<p>Nuestras XIV Jornadas de M\u00fasica y Teatro han llegado esta ma\u00f1ana a su fin tras diez d\u00edas llenos de arte, creatividad y emoci\u00f3n. Nuestro alumnado ha demostrado, una vez m\u00e1s, su talento, su esfuerzo&#46;&#46;&#46;<\/p>\n","protected":false},"author":11387,"featured_media":9466,"comment_status":"open","ping_status":"open","sticky":false,"template":"","format":"standard","meta":{"ngg_post_thumbnail":0,"footnotes":""},"categories":[5991,784,26636,2351781,2351826,2351679],"tags":[2351715,2351782,2351822,2351827],"aioseo_notices":[],"_links":{"self":[{"href":"https:\/\/blogsaverroes.juntadeandalucia.es\/ceiploscalifas\/wp-json\/wp\/v2\/posts\/9465"}],"collection":[{"href":"https:\/\/blogsaverroes.juntadeandalucia.es\/ceiploscalifas\/wp-json\/wp\/v2\/posts"}],"about":[{"href":"https:\/\/blogsaverroes.juntadeandalucia.es\/ceiploscalifas\/wp-json\/wp\/v2\/types\/post"}],"author":[{"embeddable":true,"href":"https:\/\/blogsaverroes.juntadeandalucia.es\/ceiploscalifas\/wp-json\/wp\/v2\/users\/11387"}],"replies":[{"embeddable":true,"href":"https:\/\/blogsaverroes.juntadeandalucia.es\/ceiploscalifas\/wp-json\/wp\/v2\/comments?post=9465"}],"version-history":[{"count":2,"href":"https:\/\/blogsaverroes.juntadeandalucia.es\/ceiploscalifas\/wp-json\/wp\/v2\/posts\/9465\/revisions"}],"predecessor-version":[{"id":9485,"href":"https:\/\/blogsaverroes.juntadeandalucia.es\/ceiploscalifas\/wp-json\/wp\/v2\/posts\/9465\/revisions\/9485"}],"wp:featuredmedia":[{"embeddable":true,"href":"https:\/\/blogsaverroes.juntadeandalucia.es\/ceiploscalifas\/wp-json\/wp\/v2\/media\/9466"}],"wp:attachment":[{"href":"https:\/\/blogsaverroes.juntadeandalucia.es\/ceiploscalifas\/wp-json\/wp\/v2\/media?parent=9465"}],"wp:term":[{"taxonomy":"category","embeddable":true,"href":"https:\/\/blogsaverroes.juntadeandalucia.es\/ceiploscalifas\/wp-json\/wp\/v2\/categories?post=9465"},{"taxonomy":"post_tag","embeddable":true,"href":"https:\/\/blogsaverroes.juntadeandalucia.es\/ceiploscalifas\/wp-json\/wp\/v2\/tags?post=9465"}],"curies":[{"name":"wp","href":"https:\/\/api.w.org\/{rel}","templated":true}]}}