{"id":1900,"date":"2025-10-07T10:18:56","date_gmt":"2025-10-07T09:18:56","guid":{"rendered":"https:\/\/blogsaverroes.juntadeandalucia.es\/ceiplosgrupos\/?p=1900"},"modified":"2025-10-16T11:19:11","modified_gmt":"2025-10-16T10:19:11","slug":"salud-mental","status":"publish","type":"post","link":"https:\/\/blogsaverroes.juntadeandalucia.es\/ceiplosgrupos\/salud-mental\/","title":{"rendered":"SALUD MENTAL"},"content":{"rendered":"<p data-start=\"0\" data-end=\"120\">\ud83d\udcfb\ud83e\udde0 Este jueves <strong data-start=\"17\" data-end=\"33\">9 de octubre<\/strong> a las <strong data-start=\"40\" data-end=\"50\">9:30 h<\/strong>\u2026<br data-start=\"51\" data-end=\"54\">\u00a1tenemos nuevo programa en la radio escolar <em data-start=\"98\" data-end=\"117\">Los Grupos Hablan<\/em>!<\/p>\n<p data-start=\"122\" data-end=\"249\">\ud83c\udf99\ufe0f Bajo el t\u00edtulo <strong data-start=\"141\" data-end=\"167\">&#8220;Emociones que hablan&#8221;<\/strong>, conmemoramos el <strong data-start=\"185\" data-end=\"219\">D\u00eda Mundial de la Salud Mental<\/strong> con un programa muy especial.<\/p>\n<p data-start=\"251\" data-end=\"413\">\ud83d\udc65 Entrevistamos a:<br \/>\n\u2728 <strong data-start=\"273\" data-end=\"299\">Antonio Palomo Jim\u00e9nez<\/strong>, orientador del EOE de Mor\u00f3n de la Frontera y de nuestro cole<br data-start=\"361\" data-end=\"364\">\u2728 <strong data-start=\"366\" data-end=\"395\">M.\u00aa Trinidad Luque Priego<\/strong>, educadora social<\/p>\n<p data-start=\"415\" data-end=\"494\">\ud83d\udcac Hablaremos sobre emociones, salud mental y c\u00f3mo cuidarnos desde peque\u00f1os\/as.<\/p>\n<p data-start=\"496\" data-end=\"577\">\ud83d\udc9a Un espacio para escuchar, reflexionar y poner en valor el bienestar emocional.<\/p>\n<p data-start=\"579\" data-end=\"731\" data-is-last-node=\"\" data-is-only-node=\"\">#D\u00edaSaludMental #LosGruposHablan #RadioEscolar #Educaci\u00f3nEmocional #SaludMental #CEIPLosGrupos #Mor\u00f3nDeLaFrontera #EscuelaConValores #EmocionesQueHablan<\/p>\n<p style=\"text-align: center\" data-start=\"579\" data-end=\"731\" data-is-last-node=\"\" data-is-only-node=\"\"><iframe loading=\"lazy\" src=\"\/\/www.youtube.com\/embed\/rGyE0gl6Pls\" width=\"560\" height=\"314\"><\/iframe><\/p>\n<p data-start=\"579\" data-end=\"731\" data-is-last-node=\"\" data-is-only-node=\"\">&nbsp;<\/p>\n<p data-start=\"579\" data-end=\"731\" data-is-last-node=\"\" data-is-only-node=\"\"><iframe loading=\"lazy\" src=\"https:\/\/www.ivoox.com\/player_ej_160416595_6_1.html?c1=2d5360\" width=\"100%\" height=\"200\" frameborder=\"0\" scrolling=\"no\"><\/iframe>&nbsp;<\/p>\n","protected":false},"excerpt":{"rendered":"<p>\ud83d\udcfb\ud83e\udde0 Este jueves 9 de octubre a las 9:30 h\u2026\u00a1tenemos nuevo programa en la radio escolar Los Grupos Hablan! \ud83c\udf99\ufe0f Bajo el t\u00edtulo &#8220;Emociones que hablan&#8221;, conmemoramos el D\u00eda Mundial de la Salud Mental con un programa muy especial. \ud83d\udc65 Entrevistamos a: \u2728 Antonio Palomo Jim\u00e9nez, orientador del EOE de Mor\u00f3n de la Frontera y [&hellip;]<\/p>\n","protected":false},"author":19722,"featured_media":1901,"comment_status":"closed","ping_status":"closed","sticky":false,"template":"","format":"standard","meta":{"_et_pb_use_builder":"","_et_pb_old_content":"","_et_gb_content_width":"","ngg_post_thumbnail":0,"footnotes":""},"categories":[12,1,4,26],"tags":[],"aioseo_notices":[],"_links":{"self":[{"href":"https:\/\/blogsaverroes.juntadeandalucia.es\/ceiplosgrupos\/wp-json\/wp\/v2\/posts\/1900"}],"collection":[{"href":"https:\/\/blogsaverroes.juntadeandalucia.es\/ceiplosgrupos\/wp-json\/wp\/v2\/posts"}],"about":[{"href":"https:\/\/blogsaverroes.juntadeandalucia.es\/ceiplosgrupos\/wp-json\/wp\/v2\/types\/post"}],"author":[{"embeddable":true,"href":"https:\/\/blogsaverroes.juntadeandalucia.es\/ceiplosgrupos\/wp-json\/wp\/v2\/users\/19722"}],"replies":[{"embeddable":true,"href":"https:\/\/blogsaverroes.juntadeandalucia.es\/ceiplosgrupos\/wp-json\/wp\/v2\/comments?post=1900"}],"version-history":[{"count":4,"href":"https:\/\/blogsaverroes.juntadeandalucia.es\/ceiplosgrupos\/wp-json\/wp\/v2\/posts\/1900\/revisions"}],"predecessor-version":[{"id":1907,"href":"https:\/\/blogsaverroes.juntadeandalucia.es\/ceiplosgrupos\/wp-json\/wp\/v2\/posts\/1900\/revisions\/1907"}],"wp:featuredmedia":[{"embeddable":true,"href":"https:\/\/blogsaverroes.juntadeandalucia.es\/ceiplosgrupos\/wp-json\/wp\/v2\/media\/1901"}],"wp:attachment":[{"href":"https:\/\/blogsaverroes.juntadeandalucia.es\/ceiplosgrupos\/wp-json\/wp\/v2\/media?parent=1900"}],"wp:term":[{"taxonomy":"category","embeddable":true,"href":"https:\/\/blogsaverroes.juntadeandalucia.es\/ceiplosgrupos\/wp-json\/wp\/v2\/categories?post=1900"},{"taxonomy":"post_tag","embeddable":true,"href":"https:\/\/blogsaverroes.juntadeandalucia.es\/ceiplosgrupos\/wp-json\/wp\/v2\/tags?post=1900"}],"curies":[{"name":"wp","href":"https:\/\/api.w.org\/{rel}","templated":true}]}}