{"id":1991,"date":"2026-01-07T14:45:00","date_gmt":"2026-01-07T13:45:00","guid":{"rendered":"https:\/\/blogsaverroes.juntadeandalucia.es\/ceiplosgrupos\/?p=1991"},"modified":"2026-01-07T14:45:38","modified_gmt":"2026-01-07T13:45:38","slug":"charla-exhibicion","status":"publish","type":"post","link":"https:\/\/blogsaverroes.juntadeandalucia.es\/ceiplosgrupos\/charla-exhibicion\/","title":{"rendered":"CHARLA\/EXHIBICI\u00d3N"},"content":{"rendered":"<p data-start=\"0\" data-end=\"59\">\ud83c\udfc0\u2728 <strong data-start=\"4\" data-end=\"55\">Ma\u00f1ana tenemos una cita muy especial en el cole<\/strong> \u2728\ud83c\udfc0<\/p>\n<p data-start=\"61\" data-end=\"229\">Este <strong data-start=\"66\" data-end=\"87\">jueves 8 de enero<\/strong>, el alumnado de <strong data-start=\"104\" data-end=\"126\">Educaci\u00f3n Primaria<\/strong> disfrutar\u00e1 de una <strong data-start=\"145\" data-end=\"182\">charla y exhibici\u00f3n de baloncesto<\/strong> a cargo de los jugadores del <strong data-start=\"212\" data-end=\"224\">CB Mor\u00f3n<\/strong> \ud83d\ude4c\ud83d\udd25<\/p>\n<p data-start=\"231\" data-end=\"430\">\ud83d\udd64 <strong data-start=\"234\" data-end=\"246\">Horario:<\/strong> de <strong data-start=\"250\" data-end=\"268\">9:30 a 12:00 h<\/strong><br data-start=\"268\" data-end=\"271\">\ud83d\udc67\ud83d\udc66 Dirigido a todo el alumnado de Primaria<br data-start=\"315\" data-end=\"318\">\ud83c\udfc0 Aprenderemos valores como el esfuerzo, el trabajo en equipo, la constancia y el respeto a trav\u00e9s del deporte.<\/p>\n<p data-start=\"432\" data-end=\"607\">Una experiencia motivadora para acercar el baloncesto y el deporte de \u00e9lite a nuestro alumnado.<br data-start=\"527\" data-end=\"530\">\u00a1Gracias al <strong data-start=\"542\" data-end=\"554\">CB Mor\u00f3n<\/strong> por compartir su tiempo y su pasi\u00f3n con nosotros! \ud83d\udc9a<\/p>\n<p data-start=\"609\" data-end=\"727\" data-is-last-node=\"\" data-is-only-node=\"\">#CBMor\u00f3n #BaloncestoEnElCole #CEIPLosGrupos #DeporteYValores #Educaci\u00f3nF\u00edsica #AprenderConElDeporte #Mor\u00f3nDeLaFrontera<\/p>\n","protected":false},"excerpt":{"rendered":"<p>\ud83c\udfc0\u2728 Ma\u00f1ana tenemos una cita muy especial en el cole \u2728\ud83c\udfc0 Este jueves 8 de enero, el alumnado de Educaci\u00f3n Primaria disfrutar\u00e1 de una charla y exhibici\u00f3n de baloncesto a cargo de los jugadores del CB Mor\u00f3n \ud83d\ude4c\ud83d\udd25 \ud83d\udd64 Horario: de 9:30 a 12:00 h\ud83d\udc67\ud83d\udc66 Dirigido a todo el alumnado de Primaria\ud83c\udfc0 Aprenderemos valores como [&hellip;]<\/p>\n","protected":false},"author":19722,"featured_media":1992,"comment_status":"closed","ping_status":"closed","sticky":false,"template":"","format":"standard","meta":{"_et_pb_use_builder":"","_et_pb_old_content":"","_et_gb_content_width":"","ngg_post_thumbnail":0,"footnotes":""},"categories":[19,1,4],"tags":[],"aioseo_notices":[],"_links":{"self":[{"href":"https:\/\/blogsaverroes.juntadeandalucia.es\/ceiplosgrupos\/wp-json\/wp\/v2\/posts\/1991"}],"collection":[{"href":"https:\/\/blogsaverroes.juntadeandalucia.es\/ceiplosgrupos\/wp-json\/wp\/v2\/posts"}],"about":[{"href":"https:\/\/blogsaverroes.juntadeandalucia.es\/ceiplosgrupos\/wp-json\/wp\/v2\/types\/post"}],"author":[{"embeddable":true,"href":"https:\/\/blogsaverroes.juntadeandalucia.es\/ceiplosgrupos\/wp-json\/wp\/v2\/users\/19722"}],"replies":[{"embeddable":true,"href":"https:\/\/blogsaverroes.juntadeandalucia.es\/ceiplosgrupos\/wp-json\/wp\/v2\/comments?post=1991"}],"version-history":[{"count":2,"href":"https:\/\/blogsaverroes.juntadeandalucia.es\/ceiplosgrupos\/wp-json\/wp\/v2\/posts\/1991\/revisions"}],"predecessor-version":[{"id":1994,"href":"https:\/\/blogsaverroes.juntadeandalucia.es\/ceiplosgrupos\/wp-json\/wp\/v2\/posts\/1991\/revisions\/1994"}],"wp:featuredmedia":[{"embeddable":true,"href":"https:\/\/blogsaverroes.juntadeandalucia.es\/ceiplosgrupos\/wp-json\/wp\/v2\/media\/1992"}],"wp:attachment":[{"href":"https:\/\/blogsaverroes.juntadeandalucia.es\/ceiplosgrupos\/wp-json\/wp\/v2\/media?parent=1991"}],"wp:term":[{"taxonomy":"category","embeddable":true,"href":"https:\/\/blogsaverroes.juntadeandalucia.es\/ceiplosgrupos\/wp-json\/wp\/v2\/categories?post=1991"},{"taxonomy":"post_tag","embeddable":true,"href":"https:\/\/blogsaverroes.juntadeandalucia.es\/ceiplosgrupos\/wp-json\/wp\/v2\/tags?post=1991"}],"curies":[{"name":"wp","href":"https:\/\/api.w.org\/{rel}","templated":true}]}}