{"id":1429,"date":"2023-02-09T11:08:17","date_gmt":"2023-02-09T10:08:17","guid":{"rendered":"https:\/\/blogsaverroes.juntadeandalucia.es\/ceiplossilos\/?p=1429"},"modified":"2023-02-09T11:08:17","modified_gmt":"2023-02-09T10:08:17","slug":"la-chandeleur","status":"publish","type":"post","link":"https:\/\/blogsaverroes.juntadeandalucia.es\/ceiplossilos\/la-chandeleur\/","title":{"rendered":"LA CHANDELEUR"},"content":{"rendered":"<div class=\"x11i5rnm xat24cr x1mh8g0r x1vvkbs xdj266r x126k92a\">\n<div dir=\"auto\"><span class=\"x3nfvp2 x1j61x8r x1fcty0u xdj266r xhhsvwb xat24cr xgzva0m xxymvpz xlup9mm x1kky2od\"><img decoding=\"async\" src=\"https:\/\/static.xx.fbcdn.net\/images\/emoji.php\/v9\/t74\/1\/16\/1f1eb_1f1f7.png\" alt=\"\ud83c\uddeb\ud83c\uddf7\" width=\"16\" height=\"16\"><\/span>LA CHANDELEUR<span class=\"x3nfvp2 x1j61x8r x1fcty0u xdj266r xhhsvwb xat24cr xgzva0m xxymvpz xlup9mm x1kky2od\"><img decoding=\"async\" src=\"https:\/\/static.xx.fbcdn.net\/images\/emoji.php\/v9\/t74\/1\/16\/1f1eb_1f1f7.png\" alt=\"\ud83c\uddeb\ud83c\uddf7\" width=\"16\" height=\"16\"><\/span><\/div>\n<\/div>\n<div class=\"x11i5rnm xat24cr x1mh8g0r x1vvkbs xtlvy1s x126k92a\">\n<div dir=\"auto\">El 2 de febrero se celebra en Francia la Chandeleur, una fiesta popular donde se rinde homenaje a uno de los platos estrella de su cocina, los cr\u00eapes.<\/div>\n<div dir=\"auto\">Los alumnos de 5\u00ba y 6\u00ba de Primaria han estado trabajando en clase el origen de esta fiesta, qu\u00e9 representa y por qu\u00e9 se celebra. Para ello hemos trabajado esta deliciosa receta y la degustaci\u00f3n de ricos cr\u00eapes.<\/div>\n<\/div>\n<div class=\"x11i5rnm xat24cr x1mh8g0r x1vvkbs xtlvy1s x126k92a\">\n<div dir=\"auto\">VOIL\u00c0!<\/div>\n<div dir=\"auto\">https:\/\/www.facebook.com\/100002610951099\/videos\/553210233539339\/<\/div>\n<div dir=\"auto\">&nbsp;<\/div>\n<\/div>\n","protected":false},"excerpt":{"rendered":"<p>LA CHANDELEUR El 2 de febrero se celebra en Francia la Chandeleur, una fiesta popular donde se rinde homenaje a uno de los platos estrella&hellip;<\/p>\n","protected":false},"author":12928,"featured_media":1430,"comment_status":"open","ping_status":"open","sticky":false,"template":"","format":"standard","meta":{"ngg_post_thumbnail":0,"footnotes":""},"categories":[4],"tags":[],"aioseo_notices":[],"_links":{"self":[{"href":"https:\/\/blogsaverroes.juntadeandalucia.es\/ceiplossilos\/wp-json\/wp\/v2\/posts\/1429"}],"collection":[{"href":"https:\/\/blogsaverroes.juntadeandalucia.es\/ceiplossilos\/wp-json\/wp\/v2\/posts"}],"about":[{"href":"https:\/\/blogsaverroes.juntadeandalucia.es\/ceiplossilos\/wp-json\/wp\/v2\/types\/post"}],"author":[{"embeddable":true,"href":"https:\/\/blogsaverroes.juntadeandalucia.es\/ceiplossilos\/wp-json\/wp\/v2\/users\/12928"}],"replies":[{"embeddable":true,"href":"https:\/\/blogsaverroes.juntadeandalucia.es\/ceiplossilos\/wp-json\/wp\/v2\/comments?post=1429"}],"version-history":[{"count":1,"href":"https:\/\/blogsaverroes.juntadeandalucia.es\/ceiplossilos\/wp-json\/wp\/v2\/posts\/1429\/revisions"}],"predecessor-version":[{"id":1431,"href":"https:\/\/blogsaverroes.juntadeandalucia.es\/ceiplossilos\/wp-json\/wp\/v2\/posts\/1429\/revisions\/1431"}],"wp:featuredmedia":[{"embeddable":true,"href":"https:\/\/blogsaverroes.juntadeandalucia.es\/ceiplossilos\/wp-json\/wp\/v2\/media\/1430"}],"wp:attachment":[{"href":"https:\/\/blogsaverroes.juntadeandalucia.es\/ceiplossilos\/wp-json\/wp\/v2\/media?parent=1429"}],"wp:term":[{"taxonomy":"category","embeddable":true,"href":"https:\/\/blogsaverroes.juntadeandalucia.es\/ceiplossilos\/wp-json\/wp\/v2\/categories?post=1429"},{"taxonomy":"post_tag","embeddable":true,"href":"https:\/\/blogsaverroes.juntadeandalucia.es\/ceiplossilos\/wp-json\/wp\/v2\/tags?post=1429"}],"curies":[{"name":"wp","href":"https:\/\/api.w.org\/{rel}","templated":true}]}}