{"id":1803,"date":"2024-01-08T20:40:37","date_gmt":"2024-01-08T19:40:37","guid":{"rendered":"https:\/\/blogsaverroes.juntadeandalucia.es\/ceiplossilos\/?p=1803"},"modified":"2024-01-08T20:40:37","modified_gmt":"2024-01-08T19:40:37","slug":"manifiesto-25-n","status":"publish","type":"post","link":"https:\/\/blogsaverroes.juntadeandalucia.es\/ceiplossilos\/manifiesto-25-n\/","title":{"rendered":"Manifiesto 25 N"},"content":{"rendered":"<div class=\"\" dir=\"auto\">\n<div id=\":r7m5:\" class=\"x1iorvi4 x1pi30zi x1l90r2v x1swvt13\" data-ad-comet-preview=\"message\" data-ad-preview=\"message\">\n<div class=\"x78zum5 xdt5ytf xz62fqu x16ldp7u\">\n<div class=\"xu06os2 x1ok221b\">\n<div class=\"xdj266r x11i5rnm xat24cr x1mh8g0r x1vvkbs x126k92a\">\n<div dir=\"auto\">En un mundo ideal, no necesitar\u00edamos marcar el 25 de noviembre en nuestro calendario para conmemorar la lucha contra la violencia de g\u00e9nero. En nuestro cole so\u00f1amos con un futuro donde la equidad y el respeto sean la norma, y cada d\u00eda sea una celebraci\u00f3n de la dignidad y la seguridad para todas las personas, independientemente de su g\u00e9nero. La Educaci\u00f3n en la conciencia y la acci\u00f3n constante son clave para construir un mundo donde eventos como este no sean necesarios, y donde cada individuo pueda vivir libre de violencia y discriminaci\u00f3n. <a class=\"x1i10hfl xjbqb8w x6umtig x1b1mbwd xaqea5y xav7gou x9f619 x1ypdohk xt0psk2 xe8uvvx xdj266r x11i5rnm xat24cr x1mh8g0r xexx8yu x4uap5 x18d9i69 xkhd6sd x16tdsg8 x1hl2dhg xggy1nq x1a2a7pz xt0b8zv x1qq9wsj xo1l8bm\" role=\"link\" href=\"https:\/\/www.facebook.com\/hashtag\/noalaviolenciadegenero?__eep__=6&amp;__cft__[0]=AZXUyVbUHqwA4OMoO_OUHhNrhdkKoWz1pPrSFCM9A3RTmQYU9Lywdv-34JIBBrOqkXY_Fz7kuPqKi8_QrVWvdu9cwvU_3H9SGHxhjwjkJjO3Cs9i4vluLW_In7WCCJ5dA8Fc5ITJvF1jOptDZ_6HEyXs0nO4BYzapepVHENGPSMuP_SSO0BlHNVue-8fHsECwmw&amp;__tn__=*NK-R\">#NoAlaViolenciaDeGenero<\/a> <a class=\"x1i10hfl xjbqb8w x6umtig x1b1mbwd xaqea5y xav7gou x9f619 x1ypdohk xt0psk2 xe8uvvx xdj266r x11i5rnm xat24cr x1mh8g0r xexx8yu x4uap5 x18d9i69 xkhd6sd x16tdsg8 x1hl2dhg xggy1nq x1a2a7pz xt0b8zv x1qq9wsj xo1l8bm\" role=\"link\" href=\"https:\/\/www.facebook.com\/hashtag\/equidadparatodos?__eep__=6&amp;__cft__[0]=AZXUyVbUHqwA4OMoO_OUHhNrhdkKoWz1pPrSFCM9A3RTmQYU9Lywdv-34JIBBrOqkXY_Fz7kuPqKi8_QrVWvdu9cwvU_3H9SGHxhjwjkJjO3Cs9i4vluLW_In7WCCJ5dA8Fc5ITJvF1jOptDZ_6HEyXs0nO4BYzapepVHENGPSMuP_SSO0BlHNVue-8fHsECwmw&amp;__tn__=*NK-R\">#EquidadParaTodos<\/a>#Plandeigualdad#PactodeEstado<\/div>\n<div dir=\"auto\">Nuestro manifiesto<\/div>\n<div dir=\"auto\"><a href=\"https:\/\/www.youtube.com\/watch?v=rpCx9iew2Cg\">https:\/\/www.youtube.com\/watch?v=rpCx9iew2Cg<\/a><\/div>\n<div dir=\"auto\">&nbsp;<\/div>\n<\/div>\n<\/div>\n<\/div>\n<\/div>\n<\/div>\n<div id=\":r7m6:\" class=\"x1n2onr6\">\n<div class=\"x1n2onr6\">\n<div class=\"xmjcpbm x1n2onr6\">\n<div class=\"x78zum5 x14ju556 x6ikm8r x10wlt62 x1n2onr6\">\n<div class=\"x6s0dn4 x1jx94hy x78zum5 xdt5ytf x6ikm8r x10wlt62 x1n2onr6 xh8yej3\">\n<div>\n<div class=\"xqtp20y x6ikm8r x10wlt62 x1n2onr6\">\n<div class=\"x10l6tqk x13vifvy\"><img fetchpriority=\"high\" decoding=\"async\" class=\"x1ey2m1c xds687c x5yr21d x10l6tqk x17qophe x13vifvy xh8yej3 xl1xv1r\" src=\"https:\/\/external-mad2-1.xx.fbcdn.net\/emg1\/v\/t13\/15843014947086160234?url=https%3A%2F%2Fi.ytimg.com%2Fvi%2FrpCx9iew2Cg%2Fhqdefault.jpg&amp;fb_obo=1&amp;utld=ytimg.com&amp;stp=c0.5000x0.5000f_dst-jpg_flffffff_p480x250_q75&amp;ccb=13-1&amp;oh=06_AbHjq_gEX55-n0sbJIqycmABYDK1YhktLBYe1tLotkUiaA&amp;oe=659E1FFE&amp;_nc_sid=085657\" alt=\"Manifiesto 25N CEIP LOS SILOS\" width=\"480\" height=\"250\"><\/div>\n<\/div>\n<\/div>\n<\/div>\n<\/div>\n<\/div>\n<\/div>\n<\/div>\n<p>&nbsp;<\/p>\n","protected":false},"excerpt":{"rendered":"<p>En un mundo ideal, no necesitar\u00edamos marcar el 25 de noviembre en nuestro calendario para conmemorar la lucha contra la violencia de g\u00e9nero. En nuestro&hellip;<\/p>\n","protected":false},"author":12928,"featured_media":1804,"comment_status":"open","ping_status":"open","sticky":false,"template":"","format":"standard","meta":{"ngg_post_thumbnail":0,"footnotes":""},"categories":[4],"tags":[],"aioseo_notices":[],"_links":{"self":[{"href":"https:\/\/blogsaverroes.juntadeandalucia.es\/ceiplossilos\/wp-json\/wp\/v2\/posts\/1803"}],"collection":[{"href":"https:\/\/blogsaverroes.juntadeandalucia.es\/ceiplossilos\/wp-json\/wp\/v2\/posts"}],"about":[{"href":"https:\/\/blogsaverroes.juntadeandalucia.es\/ceiplossilos\/wp-json\/wp\/v2\/types\/post"}],"author":[{"embeddable":true,"href":"https:\/\/blogsaverroes.juntadeandalucia.es\/ceiplossilos\/wp-json\/wp\/v2\/users\/12928"}],"replies":[{"embeddable":true,"href":"https:\/\/blogsaverroes.juntadeandalucia.es\/ceiplossilos\/wp-json\/wp\/v2\/comments?post=1803"}],"version-history":[{"count":1,"href":"https:\/\/blogsaverroes.juntadeandalucia.es\/ceiplossilos\/wp-json\/wp\/v2\/posts\/1803\/revisions"}],"predecessor-version":[{"id":1805,"href":"https:\/\/blogsaverroes.juntadeandalucia.es\/ceiplossilos\/wp-json\/wp\/v2\/posts\/1803\/revisions\/1805"}],"wp:featuredmedia":[{"embeddable":true,"href":"https:\/\/blogsaverroes.juntadeandalucia.es\/ceiplossilos\/wp-json\/wp\/v2\/media\/1804"}],"wp:attachment":[{"href":"https:\/\/blogsaverroes.juntadeandalucia.es\/ceiplossilos\/wp-json\/wp\/v2\/media?parent=1803"}],"wp:term":[{"taxonomy":"category","embeddable":true,"href":"https:\/\/blogsaverroes.juntadeandalucia.es\/ceiplossilos\/wp-json\/wp\/v2\/categories?post=1803"},{"taxonomy":"post_tag","embeddable":true,"href":"https:\/\/blogsaverroes.juntadeandalucia.es\/ceiplossilos\/wp-json\/wp\/v2\/tags?post=1803"}],"curies":[{"name":"wp","href":"https:\/\/api.w.org\/{rel}","templated":true}]}}