{"id":2378,"date":"2025-02-28T09:57:00","date_gmt":"2025-02-28T08:57:00","guid":{"rendered":"https:\/\/blogsaverroes.juntadeandalucia.es\/ceiplossilos\/?p=2378"},"modified":"2026-04-30T12:03:22","modified_gmt":"2026-04-30T11:03:22","slug":"semana-de-andalucia","status":"publish","type":"post","link":"https:\/\/blogsaverroes.juntadeandalucia.es\/ceiplossilos\/semana-de-andalucia\/","title":{"rendered":"Semana y D\u00eda de Andaluc\u00eda"},"content":{"rendered":"<div class=\"html-div xdj266r x11i5rnm xat24cr x1mh8g0r xexx8yu x4uap5 x18d9i69 xkhd6sd\" dir=\"auto\">\n<div class=\"html-div xdj266r x11i5rnm xat24cr x1mh8g0r xexx8yu x4uap5 x18d9i69 xkhd6sd\" data-ad-rendering-role=\"story_message\">\n<div id=\"\u00abr9s\u00bb\" class=\"x1l90r2v x1iorvi4 x1ye3gou xn6708d\" data-ad-comet-preview=\"message\" data-ad-preview=\"message\">\n<div class=\"x78zum5 xdt5ytf xz62fqu x16ldp7u\">\n<div class=\"xu06os2 x1ok221b\">\n<div class=\"xdj266r x11i5rnm xat24cr x1mh8g0r x1vvkbs x126k92a\">\n<h2 dir=\"auto\">Descubriendo <a href=\"https:\/\/jabugo.es\/\">Jabugo<\/a> a trav\u00e9s del arte \u2013 Semana de Andaluc\u00eda<\/h2>\n<\/div>\n<div class=\"x11i5rnm xat24cr x1mh8g0r x1vvkbs xtlvy1s x126k92a\">\n<div dir=\"auto\">Con motivo de la Semana de Andaluc\u00eda, en el <a href=\"https:\/\/blogsaverroes.juntadeandalucia.es\/ceiplossilos\/\">C.E.I.P Los Silos<\/a> el alumnado de 1\u00ba ciclo de Primaria ha participado en una emocionante gymkana art\u00edstica por Jabugo, organizada por la maestra Lourdes, tutora de 2\u00ba.<\/div>\n<\/div>\n<div class=\"x11i5rnm xat24cr x1mh8g0r x1vvkbs xtlvy1s x126k92a\">\n<div dir=\"auto\">A trav\u00e9s de pistas y retos, han recorrido el pueblo descubriendo algunas de sus esculturas m\u00e1s emblem\u00e1ticas, trabajando la lectura, el dibujo, el razonamiento, la orientaci\u00f3n y, sobre todo, el trabajo cooperativo.<\/div>\n<\/div>\n<div class=\"x11i5rnm xat24cr x1mh8g0r x1vvkbs xtlvy1s x126k92a\">\n<div dir=\"auto\">Agradecemos enormemente a las familias participantes por acompa\u00f1arnos en esta aventura y hacer que el aprendizaje sea a\u00fan m\u00e1s especial. \u00a1Gracias por formar parte de Un cole con mucho arte!<\/div>\n<\/div>\n<div class=\"x11i5rnm xat24cr x1mh8g0r x1vvkbs xtlvy1s x126k92a\">\n<div dir=\"auto\"><a href=\"https:\/\/www.youtube.com\/watch?v=SICr81tpcpQ\">Aqu\u00ed os dejamos algunos momentos de esta experiencia<\/a> llena de cultura, diversi\u00f3n y trabajo en equipo. \u00a1Seguimos aprendiendo juntos!<\/div>\n<div dir=\"auto\">\n<div class=\"html-div xdj266r x11i5rnm xat24cr x1mh8g0r xexx8yu x4uap5 x18d9i69 xkhd6sd\" dir=\"auto\">\n<div class=\"html-div xdj266r x11i5rnm xat24cr x1mh8g0r xexx8yu x4uap5 x18d9i69 xkhd6sd\" data-ad-rendering-role=\"story_message\">\n<div id=\"\u00abr8t\u00bb\" class=\"x1l90r2v x1iorvi4 x1ye3gou xn6708d\" data-ad-comet-preview=\"message\" data-ad-preview=\"message\">\n<div class=\"x78zum5 xdt5ytf xz62fqu x16ldp7u\">\n<div class=\"xu06os2 x1ok221b\">\n<div class=\"xdj266r x11i5rnm xat24cr x1mh8g0r x1vvkbs x126k92a\">\n<h3 dir=\"auto\">&nbsp;<\/h3>\n<h2 dir=\"auto\">D\u00cdA DE ANDALUC\u00cdA EN LOS SILOS<\/h2>\n<\/div>\n<div class=\"x11i5rnm xat24cr x1mh8g0r x1vvkbs xtlvy1s x126k92a\">\n<div dir=\"auto\">Hoy hemos celebrado el D\u00eda de Andaluc\u00eda con un desayuno t\u00edpico andaluz: bollo, aceite y jam\u00f3n, disfrutando de nuestras tradiciones y sabores. \u00a1Gracias a todas las familias que han colaborado en su preparaci\u00f3n!<\/div>\n<\/div>\n<div class=\"x11i5rnm xat24cr x1mh8g0r x1vvkbs xtlvy1s x126k92a\">\n<div dir=\"auto\">Despu\u00e9s, nuestro cole se ha llenado de arte y alegr\u00eda con una peque\u00f1a fiesta flamenca, donde la m\u00fasica y el baile y por supuesto nuestro Himno han sido protagonistas.<\/div>\n<\/div>\n<div class=\"x11i5rnm xat24cr x1mh8g0r x1vvkbs xtlvy1s x126k92a\">\n<div dir=\"auto\"><a href=\"https:\/\/www.youtube.com\/watch?v=Nkx-4DFuHyc\">Os dejamos un v\u00eddeo<\/a> con algunos momentos especiales de este d\u00eda tan bonito.<\/div>\n<div dir=\"auto\">\u00a1Feliz D\u00eda de Andaluc\u00eda y feliz puente!<\/div>\n<\/div>\n<\/div>\n<\/div>\n<\/div>\n<\/div>\n<\/div>\n<\/div>\n<\/div>\n<\/div>\n<\/div>\n<\/div>\n<\/div>\n<\/div>\n<div dir=\"auto\">&nbsp;<\/div>\n<div dir=\"auto\">&nbsp;<\/div>\n<div dir=\"auto\"><img fetchpriority=\"high\" decoding=\"async\" class=\"aligncenter size-full wp-image-4493\" src=\"https:\/\/blogsaverroes.juntadeandalucia.es\/ceiplossilos\/files\/2026\/04\/logos-web-1.png\" alt=\"\" width=\"2121\" height=\"360\" srcset=\"https:\/\/blogsaverroes.juntadeandalucia.es\/ceiplossilos\/files\/2026\/04\/logos-web-1.png 2121w, https:\/\/blogsaverroes.juntadeandalucia.es\/ceiplossilos\/files\/2026\/04\/logos-web-1-300x51.png 300w, https:\/\/blogsaverroes.juntadeandalucia.es\/ceiplossilos\/files\/2026\/04\/logos-web-1-1024x174.png 1024w, https:\/\/blogsaverroes.juntadeandalucia.es\/ceiplossilos\/files\/2026\/04\/logos-web-1-768x130.png 768w, https:\/\/blogsaverroes.juntadeandalucia.es\/ceiplossilos\/files\/2026\/04\/logos-web-1-1536x261.png 1536w, https:\/\/blogsaverroes.juntadeandalucia.es\/ceiplossilos\/files\/2026\/04\/logos-web-1-2048x348.png 2048w\" sizes=\"(max-width: 2121px) 100vw, 2121px\" \/><\/div>\n","protected":false},"excerpt":{"rendered":"<p>Descubriendo Jabugo a trav\u00e9s del arte \u2013 Semana de Andaluc\u00eda Con motivo de la Semana de Andaluc\u00eda, en el C.E.I.P Los Silos el alumnado de&hellip;<\/p>\n","protected":false},"author":12928,"featured_media":2379,"comment_status":"open","ping_status":"closed","sticky":false,"template":"","format":"standard","meta":{"ngg_post_thumbnail":0,"footnotes":""},"categories":[11,4,6,8,9],"tags":[15,21,12,14],"aioseo_notices":[],"_links":{"self":[{"href":"https:\/\/blogsaverroes.juntadeandalucia.es\/ceiplossilos\/wp-json\/wp\/v2\/posts\/2378"}],"collection":[{"href":"https:\/\/blogsaverroes.juntadeandalucia.es\/ceiplossilos\/wp-json\/wp\/v2\/posts"}],"about":[{"href":"https:\/\/blogsaverroes.juntadeandalucia.es\/ceiplossilos\/wp-json\/wp\/v2\/types\/post"}],"author":[{"embeddable":true,"href":"https:\/\/blogsaverroes.juntadeandalucia.es\/ceiplossilos\/wp-json\/wp\/v2\/users\/12928"}],"replies":[{"embeddable":true,"href":"https:\/\/blogsaverroes.juntadeandalucia.es\/ceiplossilos\/wp-json\/wp\/v2\/comments?post=2378"}],"version-history":[{"count":7,"href":"https:\/\/blogsaverroes.juntadeandalucia.es\/ceiplossilos\/wp-json\/wp\/v2\/posts\/2378\/revisions"}],"predecessor-version":[{"id":4650,"href":"https:\/\/blogsaverroes.juntadeandalucia.es\/ceiplossilos\/wp-json\/wp\/v2\/posts\/2378\/revisions\/4650"}],"wp:featuredmedia":[{"embeddable":true,"href":"https:\/\/blogsaverroes.juntadeandalucia.es\/ceiplossilos\/wp-json\/wp\/v2\/media\/2379"}],"wp:attachment":[{"href":"https:\/\/blogsaverroes.juntadeandalucia.es\/ceiplossilos\/wp-json\/wp\/v2\/media?parent=2378"}],"wp:term":[{"taxonomy":"category","embeddable":true,"href":"https:\/\/blogsaverroes.juntadeandalucia.es\/ceiplossilos\/wp-json\/wp\/v2\/categories?post=2378"},{"taxonomy":"post_tag","embeddable":true,"href":"https:\/\/blogsaverroes.juntadeandalucia.es\/ceiplossilos\/wp-json\/wp\/v2\/tags?post=2378"}],"curies":[{"name":"wp","href":"https:\/\/api.w.org\/{rel}","templated":true}]}}