{"id":2521,"date":"2024-12-17T09:36:55","date_gmt":"2024-12-17T08:36:55","guid":{"rendered":"https:\/\/blogsaverroes.juntadeandalucia.es\/ceiplossilos\/?p=2521"},"modified":"2026-04-30T12:19:00","modified_gmt":"2026-04-30T11:19:00","slug":"dia-de-la-lectura","status":"publish","type":"post","link":"https:\/\/blogsaverroes.juntadeandalucia.es\/ceiplossilos\/dia-de-la-lectura\/","title":{"rendered":"\u00abD\u00eda de la Lectura\u00bb"},"content":{"rendered":"<div class=\"xdj266r x11i5rnm xat24cr x1mh8g0r x1vvkbs x126k92a\">\n<h3 dir=\"auto\">Este a\u00f1o en el <a href=\"https:\/\/blogsaverroes.juntadeandalucia.es\/ceiplossilos\/\">C.E.I.P Los Silos<\/a>, celebramos el <a href=\"https:\/\/www.youtube.com\/watch?v=GcwGFwaw0V4\">D\u00eda de la Lectura<\/a> con una actividad muy especial: Caleidoscopio Literario Navide\u00f1o, donde alumnos\/as de todas las edades unieron sus talentos para crear una obra colectiva llena de magia.<\/h3>\n<\/div>\n<div class=\"x11i5rnm xat24cr x1mh8g0r x1vvkbs xtlvy1s x126k92a\">\n<h4 dir=\"auto\">Le\u00edmos cuentos navide\u00f1os.<\/h4>\n<h4 dir=\"auto\">Ilustramos escenas con creatividad.<\/h4>\n<h4 dir=\"auto\">Resolvimos retos matem\u00e1ticos en equipo.<\/h4>\n<h4 dir=\"auto\">Trabajamos juntos, aprendiendo y disfrutando.<\/h4>\n<\/div>\n<h4 dir=\"auto\">Cada hex\u00e1gono de este caleidoscopio cuenta una historia, un esfuerzo y un valor compartido. \u00a1Un trabajo lleno de color, emoci\u00f3n y uni\u00f3n!<\/h4>\n<h4 dir=\"auto\">Gracias a la Coordinadora de nuestra biblioteca la maestra Lourdes, a las mam\u00e1s Emma Castilla P\u00e9rez, Marta Mota y a Eva L\u00f3pez L\u00f3pez, gracias tambi\u00e9n a todo el profesorado y alumnado por hacerlo posible.<\/h4>\n<h4 dir=\"auto\">Acompa\u00f1ado de una canci\u00f3n original que refleja todo nuestro trabajo.<\/h4>\n<div class=\"x11i5rnm xat24cr x1mh8g0r x1vvkbs xtlvy1s x126k92a\">\n<h4 dir=\"auto\">\u00a1Esperamos que lo disfrut\u00e9is tanto como nosotros!<\/h4>\n<p><img decoding=\"async\" class=\"alignnone size-medium wp-image-2522\" src=\"https:\/\/blogsaverroes.juntadeandalucia.es\/ceiplossilos\/files\/2025\/03\/dialectura-300x157.jpeg\" alt=\"\" width=\"300\" height=\"157\" srcset=\"https:\/\/blogsaverroes.juntadeandalucia.es\/ceiplossilos\/files\/2025\/03\/dialectura-300x157.jpeg 300w, https:\/\/blogsaverroes.juntadeandalucia.es\/ceiplossilos\/files\/2025\/03\/dialectura.jpeg 500w\" sizes=\"(max-width: 300px) 100vw, 300px\" \/><\/p>\n<\/div>\n<p>&nbsp;<\/p>\n<p><img fetchpriority=\"high\" decoding=\"async\" class=\"aligncenter size-full wp-image-4493\" src=\"https:\/\/blogsaverroes.juntadeandalucia.es\/ceiplossilos\/files\/2026\/04\/logos-web-1.png\" alt=\"\" width=\"2121\" height=\"360\" srcset=\"https:\/\/blogsaverroes.juntadeandalucia.es\/ceiplossilos\/files\/2026\/04\/logos-web-1.png 2121w, https:\/\/blogsaverroes.juntadeandalucia.es\/ceiplossilos\/files\/2026\/04\/logos-web-1-300x51.png 300w, https:\/\/blogsaverroes.juntadeandalucia.es\/ceiplossilos\/files\/2026\/04\/logos-web-1-1024x174.png 1024w, https:\/\/blogsaverroes.juntadeandalucia.es\/ceiplossilos\/files\/2026\/04\/logos-web-1-768x130.png 768w, https:\/\/blogsaverroes.juntadeandalucia.es\/ceiplossilos\/files\/2026\/04\/logos-web-1-1536x261.png 1536w, https:\/\/blogsaverroes.juntadeandalucia.es\/ceiplossilos\/files\/2026\/04\/logos-web-1-2048x348.png 2048w\" sizes=\"(max-width: 2121px) 100vw, 2121px\" \/><\/p>\n","protected":false},"excerpt":{"rendered":"<p>Este a\u00f1o en el C.E.I.P Los Silos, celebramos el D\u00eda de la Lectura con una actividad muy especial: Caleidoscopio Literario Navide\u00f1o, donde alumnos\/as de todas&hellip;<\/p>\n","protected":false},"author":12928,"featured_media":2522,"comment_status":"open","ping_status":"closed","sticky":false,"template":"","format":"standard","meta":{"ngg_post_thumbnail":0,"footnotes":""},"categories":[11,5,4,6,8,9],"tags":[15,21,34,12],"aioseo_notices":[],"_links":{"self":[{"href":"https:\/\/blogsaverroes.juntadeandalucia.es\/ceiplossilos\/wp-json\/wp\/v2\/posts\/2521"}],"collection":[{"href":"https:\/\/blogsaverroes.juntadeandalucia.es\/ceiplossilos\/wp-json\/wp\/v2\/posts"}],"about":[{"href":"https:\/\/blogsaverroes.juntadeandalucia.es\/ceiplossilos\/wp-json\/wp\/v2\/types\/post"}],"author":[{"embeddable":true,"href":"https:\/\/blogsaverroes.juntadeandalucia.es\/ceiplossilos\/wp-json\/wp\/v2\/users\/12928"}],"replies":[{"embeddable":true,"href":"https:\/\/blogsaverroes.juntadeandalucia.es\/ceiplossilos\/wp-json\/wp\/v2\/comments?post=2521"}],"version-history":[{"count":6,"href":"https:\/\/blogsaverroes.juntadeandalucia.es\/ceiplossilos\/wp-json\/wp\/v2\/posts\/2521\/revisions"}],"predecessor-version":[{"id":4665,"href":"https:\/\/blogsaverroes.juntadeandalucia.es\/ceiplossilos\/wp-json\/wp\/v2\/posts\/2521\/revisions\/4665"}],"wp:featuredmedia":[{"embeddable":true,"href":"https:\/\/blogsaverroes.juntadeandalucia.es\/ceiplossilos\/wp-json\/wp\/v2\/media\/2522"}],"wp:attachment":[{"href":"https:\/\/blogsaverroes.juntadeandalucia.es\/ceiplossilos\/wp-json\/wp\/v2\/media?parent=2521"}],"wp:term":[{"taxonomy":"category","embeddable":true,"href":"https:\/\/blogsaverroes.juntadeandalucia.es\/ceiplossilos\/wp-json\/wp\/v2\/categories?post=2521"},{"taxonomy":"post_tag","embeddable":true,"href":"https:\/\/blogsaverroes.juntadeandalucia.es\/ceiplossilos\/wp-json\/wp\/v2\/tags?post=2521"}],"curies":[{"name":"wp","href":"https:\/\/api.w.org\/{rel}","templated":true}]}}