{"id":3180,"date":"2025-04-08T13:20:27","date_gmt":"2025-04-08T12:20:27","guid":{"rendered":"https:\/\/blogsaverroes.juntadeandalucia.es\/ceiplossilos\/?p=3180"},"modified":"2026-04-16T12:22:49","modified_gmt":"2026-04-16T11:22:49","slug":"nuestro-pueblo-nuestra-aventura","status":"publish","type":"post","link":"https:\/\/blogsaverroes.juntadeandalucia.es\/ceiplossilos\/nuestro-pueblo-nuestra-aventura\/","title":{"rendered":"\u00abNuestro pueblo, nuestra aventura\u00bb"},"content":{"rendered":"<div class=\"x11i5rnm xat24cr x1mh8g0r x1vvkbs xtlvy1s x126k92a\">\n<h3 dir=\"auto\">Hoy el alumnado de 4\u00ba, 5\u00ba y 6\u00ba de Primaria del <a href=\"https:\/\/blogsaverroes.juntadeandalucia.es\/ceiplossilos\/\">C.E.I.P Los Silos<\/a> ha vivido una jornada muy especial con una actividad de orientaci\u00f3n por el pueblo, organizada por nuestra maestra de Educaci\u00f3n F\u00edsica, Miriam, y con la implicaci\u00f3n y colaboraci\u00f3n de las familias.<\/h3>\n<\/div>\n<div class=\"x11i5rnm xat24cr x1mh8g0r x1vvkbs xtlvy1s x126k92a\">\n<div dir=\"auto\">Divididos en equipos, han trabajado con mapas y pistas para completar un recorrido por diferentes puntos del municipio. Una experiencia que ha servido para desarrollar su autonom\u00eda, mejorar la percepci\u00f3n espacial y afianzar habilidades propias de la orientaci\u00f3n en el medio natural, uno de los contenidos clave del \u00e1rea en este ciclo.<\/div>\n<\/div>\n<div class=\"x11i5rnm xat24cr x1mh8g0r x1vvkbs xtlvy1s x126k92a\">\n<div dir=\"auto\">Adem\u00e1s, han puesto en pr\u00e1ctica el trabajo cooperativo, la toma de decisiones y el respeto por el entorno, reforzando competencias como la conciencia espacial, el trabajo en equipo y la ciudadan\u00eda activa.<\/div>\n<\/div>\n<div class=\"x11i5rnm xat24cr x1mh8g0r x1vvkbs xtlvy1s x126k92a\">\n<div dir=\"auto\">Todo ello en compa\u00f1\u00eda de las tutoras, de nuestro maestro PTIS, Manuel y de nuestro alumno en pr\u00e1cticas del ciclo de inform\u00e1tica del <a href=\"https:\/\/sites.google.com\/g.educaand.es\/iessanjosecortegana\/inicio\">I.E.S. San Jos\u00e9<\/a>, que tambi\u00e9n ha formado parte de esta gran aventura.<\/div>\n<\/div>\n<div class=\"x11i5rnm xat24cr x1mh8g0r x1vvkbs xtlvy1s x126k92a\">\n<div dir=\"auto\">\u00a1Gracias a Miriam por su entrega y a todas las personas que han hecho posible esta actividad!<\/div>\n<div dir=\"auto\">Seguimos construyendo aprendizajes con sentido, de la mano y con el coraz\u00f3n.<\/div>\n<div dir=\"auto\">ngg_shortcode_0_placeholder<\/div>\n<p>&nbsp;<\/p>\n<div dir=\"auto\"><img fetchpriority=\"high\" decoding=\"async\" class=\"aligncenter size-full wp-image-4493\" src=\"https:\/\/blogsaverroes.juntadeandalucia.es\/ceiplossilos\/files\/2026\/04\/logos-web-1.png\" alt=\"\" width=\"2121\" height=\"360\" srcset=\"https:\/\/blogsaverroes.juntadeandalucia.es\/ceiplossilos\/files\/2026\/04\/logos-web-1.png 2121w, https:\/\/blogsaverroes.juntadeandalucia.es\/ceiplossilos\/files\/2026\/04\/logos-web-1-300x51.png 300w, https:\/\/blogsaverroes.juntadeandalucia.es\/ceiplossilos\/files\/2026\/04\/logos-web-1-1024x174.png 1024w, https:\/\/blogsaverroes.juntadeandalucia.es\/ceiplossilos\/files\/2026\/04\/logos-web-1-768x130.png 768w, https:\/\/blogsaverroes.juntadeandalucia.es\/ceiplossilos\/files\/2026\/04\/logos-web-1-1536x261.png 1536w, https:\/\/blogsaverroes.juntadeandalucia.es\/ceiplossilos\/files\/2026\/04\/logos-web-1-2048x348.png 2048w\" sizes=\"(max-width: 2121px) 100vw, 2121px\" \/><\/div>\n<\/div>\n","protected":false},"excerpt":{"rendered":"<p>Hoy el alumnado de 4\u00ba, 5\u00ba y 6\u00ba de Primaria del C.E.I.P Los Silos ha vivido una jornada muy especial con una actividad de orientaci\u00f3n&hellip;<\/p>\n","protected":false},"author":12928,"featured_media":3194,"comment_status":"open","ping_status":"closed","sticky":false,"template":"","format":"standard","meta":{"ngg_post_thumbnail":0,"footnotes":""},"categories":[11,1,7,4,6,8,9],"tags":[15,21,12,13,33],"aioseo_notices":[],"_links":{"self":[{"href":"https:\/\/blogsaverroes.juntadeandalucia.es\/ceiplossilos\/wp-json\/wp\/v2\/posts\/3180"}],"collection":[{"href":"https:\/\/blogsaverroes.juntadeandalucia.es\/ceiplossilos\/wp-json\/wp\/v2\/posts"}],"about":[{"href":"https:\/\/blogsaverroes.juntadeandalucia.es\/ceiplossilos\/wp-json\/wp\/v2\/types\/post"}],"author":[{"embeddable":true,"href":"https:\/\/blogsaverroes.juntadeandalucia.es\/ceiplossilos\/wp-json\/wp\/v2\/users\/12928"}],"replies":[{"embeddable":true,"href":"https:\/\/blogsaverroes.juntadeandalucia.es\/ceiplossilos\/wp-json\/wp\/v2\/comments?post=3180"}],"version-history":[{"count":3,"href":"https:\/\/blogsaverroes.juntadeandalucia.es\/ceiplossilos\/wp-json\/wp\/v2\/posts\/3180\/revisions"}],"predecessor-version":[{"id":4538,"href":"https:\/\/blogsaverroes.juntadeandalucia.es\/ceiplossilos\/wp-json\/wp\/v2\/posts\/3180\/revisions\/4538"}],"wp:featuredmedia":[{"embeddable":true,"href":"https:\/\/blogsaverroes.juntadeandalucia.es\/ceiplossilos\/wp-json\/wp\/v2\/media\/3194"}],"wp:attachment":[{"href":"https:\/\/blogsaverroes.juntadeandalucia.es\/ceiplossilos\/wp-json\/wp\/v2\/media?parent=3180"}],"wp:term":[{"taxonomy":"category","embeddable":true,"href":"https:\/\/blogsaverroes.juntadeandalucia.es\/ceiplossilos\/wp-json\/wp\/v2\/categories?post=3180"},{"taxonomy":"post_tag","embeddable":true,"href":"https:\/\/blogsaverroes.juntadeandalucia.es\/ceiplossilos\/wp-json\/wp\/v2\/tags?post=3180"}],"curies":[{"name":"wp","href":"https:\/\/api.w.org\/{rel}","templated":true}]}}