{"id":4172,"date":"2025-11-25T12:15:05","date_gmt":"2025-11-25T11:15:05","guid":{"rendered":"https:\/\/blogsaverroes.juntadeandalucia.es\/ceiplossilos\/?p=4172"},"modified":"2026-04-16T11:48:50","modified_gmt":"2026-04-16T10:48:50","slug":"abrimos-nuestra-puerta-violeta","status":"publish","type":"post","link":"https:\/\/blogsaverroes.juntadeandalucia.es\/ceiplossilos\/abrimos-nuestra-puerta-violeta\/","title":{"rendered":"Abrimos nuestra Puerta Violeta"},"content":{"rendered":"<div class=\"x14z9mp xat24cr x1lziwak x1vvkbs xtlvy1s x126k92a\">\n<h3 dir=\"auto\">Hoy en el <a href=\"https:\/\/blogsaverroes.juntadeandalucia.es\/ceiplossilos\/\">CEIP Los Silos<\/a> abrimos nuestra propia Puerta Violeta en el cole.<\/h3>\n<div dir=\"auto\">\n<p>Todo el alumnado, desde Infantil hasta Primaria, se ha unido para grabar este v\u00eddeoclip lleno de emoci\u00f3n, esperanza y compromiso.<\/p>\n<p>Con la m\u00fasica de \u201cLa Puerta Violeta\u201d de Rozal\u00e9n, hemos querido alzar la voz contra cualquier forma de violencia de g\u00e9nero y recordar que la igualdad se construye cada d\u00eda, desde la educaci\u00f3n y el cari\u00f1o.<\/p>\n<\/div>\n<\/div>\n<div class=\"x14z9mp xat24cr x1lziwak x1vvkbs xtlvy1s x126k92a\">\n<div dir=\"auto\">Este proyecto es un abrazo colectivo, un mensaje claro:<\/div>\n<div dir=\"auto\">ninguna persona debe vivir con miedo, todas merecen luz, respeto y libertad.<\/div>\n<div dir=\"auto\">\n<p>Nuestro alumnado lo ha entendido, lo ha sentido y lo ha transformado en arte.<\/p>\n<\/div>\n<\/div>\n<div class=\"x14z9mp xat24cr x1lziwak x1vvkbs xtlvy1s x126k92a\">\n<div dir=\"auto\">\n<p>Gracias a cada ni\u00f1o y ni\u00f1a por poner coraz\u00f3n, y a toda la comunidad educativa por sembrar un futuro m\u00e1s justo y m\u00e1s igualitario. <span class=\"html-span xexx8yu xyri2b x18d9i69 x1c1uobl x1hl2dhg x16tdsg8 x1vvkbs x3nfvp2 x1j61x8r x1fcty0u xdj266r xat24cr xm2jcoa x1mpyi22 xxymvpz xlup9mm x1kky2od\"><img decoding=\"async\" class=\"xz74otr x15mokao x1ga7v0g x16uus16 xbiv7yw\" src=\"https:\/\/static.xx.fbcdn.net\/images\/emoji.php\/v9\/t96\/1\/16\/1f49c.png\" alt=\"\ud83d\udc9c\" width=\"16\" height=\"16\"\/><\/span><span class=\"html-span xexx8yu xyri2b x18d9i69 x1c1uobl x1hl2dhg x16tdsg8 x1vvkbs x3nfvp2 x1j61x8r x1fcty0u xdj266r xat24cr xm2jcoa x1mpyi22 xxymvpz xlup9mm x1kky2od\"><img decoding=\"async\" class=\"xz74otr x15mokao x1ga7v0g x16uus16 xbiv7yw\" src=\"https:\/\/static.xx.fbcdn.net\/images\/emoji.php\/v9\/tf4\/1\/16\/2728.png\" alt=\"\u2728\" width=\"16\" height=\"16\"\/><\/span><\/p>\n<p><span class=\"html-span xdj266r x14z9mp xat24cr x1lziwak xexx8yu xyri2b x18d9i69 x1c1uobl x1hl2dhg x16tdsg8 x1vvkbs\"><a class=\"x1i10hfl xjbqb8w x1ejq31n x18oe1m7 x1sy0etr xstzfhl x972fbf x10w94by x1qhh985 x14e42zd x9f619 x1ypdohk xt0psk2 x3ct3a4 xdj266r x14z9mp xat24cr x1lziwak xexx8yu xyri2b x18d9i69 x1c1uobl x16tdsg8 x1hl2dhg xggy1nq x1a2a7pz xkrqix3 x1sur9pj x1fey0fg x1s688f\" role=\"link\" href=\"https:\/\/www.facebook.com\/hashtag\/plandeigualdad?__eep__=6&amp;__cft__[0]=AZZ01kTggbTkX1dSHe_d7azsWPplU4RHGY6y-pkJChT2w2Z87Aq4J0eqNhJB7iK6YyI18TIXM8khv0N3mZ2qGcaFwBnqXFzH3S3QZbEFPegR8ksAl_TMr0u_Vpj2ePnRS28EYJBwidV6x-Tx9HTW53QyXyZ_X_6vY3Q_o1izGeXzAzKVwc1LiVQAHzz3IbDeakgbKg51EM_65Kby3rcwOpQH&amp;__tn__=*NK-R\">#plandeigualdad<\/a><\/span> <span class=\"html-span xdj266r x14z9mp xat24cr x1lziwak xexx8yu xyri2b x18d9i69 x1c1uobl x1hl2dhg x16tdsg8 x1vvkbs\"><a class=\"x1i10hfl xjbqb8w x1ejq31n x18oe1m7 x1sy0etr xstzfhl x972fbf x10w94by x1qhh985 x14e42zd x9f619 x1ypdohk xt0psk2 x3ct3a4 xdj266r x14z9mp xat24cr x1lziwak xexx8yu xyri2b x18d9i69 x1c1uobl x16tdsg8 x1hl2dhg xggy1nq x1a2a7pz xkrqix3 x1sur9pj x1fey0fg x1s688f\" role=\"link\" href=\"https:\/\/www.facebook.com\/hashtag\/sembrandofuturo?__eep__=6&amp;__cft__[0]=AZZ01kTggbTkX1dSHe_d7azsWPplU4RHGY6y-pkJChT2w2Z87Aq4J0eqNhJB7iK6YyI18TIXM8khv0N3mZ2qGcaFwBnqXFzH3S3QZbEFPegR8ksAl_TMr0u_Vpj2ePnRS28EYJBwidV6x-Tx9HTW53QyXyZ_X_6vY3Q_o1izGeXzAzKVwc1LiVQAHzz3IbDeakgbKg51EM_65Kby3rcwOpQH&amp;__tn__=*NK-R\">#sembrandofuturo<\/a><\/span> <span class=\"html-span xdj266r x14z9mp xat24cr x1lziwak xexx8yu xyri2b x18d9i69 x1c1uobl x1hl2dhg x16tdsg8 x1vvkbs\"><a class=\"x1i10hfl xjbqb8w x1ejq31n x18oe1m7 x1sy0etr xstzfhl x972fbf x10w94by x1qhh985 x14e42zd x9f619 x1ypdohk xt0psk2 x3ct3a4 xdj266r x14z9mp xat24cr x1lziwak xexx8yu xyri2b x18d9i69 x1c1uobl x16tdsg8 x1hl2dhg xggy1nq x1a2a7pz xkrqix3 x1sur9pj x1fey0fg x1s688f\" role=\"link\" href=\"https:\/\/www.facebook.com\/hashtag\/pactodeestado?__eep__=6&amp;__cft__[0]=AZZ01kTggbTkX1dSHe_d7azsWPplU4RHGY6y-pkJChT2w2Z87Aq4J0eqNhJB7iK6YyI18TIXM8khv0N3mZ2qGcaFwBnqXFzH3S3QZbEFPegR8ksAl_TMr0u_Vpj2ePnRS28EYJBwidV6x-Tx9HTW53QyXyZ_X_6vY3Q_o1izGeXzAzKVwc1LiVQAHzz3IbDeakgbKg51EM_65Kby3rcwOpQH&amp;__tn__=*NK-R\">#pactodeestado<\/a><\/span><\/p>\n<p><img decoding=\"async\" class=\"alignnone size-full wp-image-4173\" src=\"https:\/\/blogsaverroes.juntadeandalucia.es\/ceiplossilos\/files\/2026\/04\/Captura-de-pantalla-2026-04-09-112723.jpg\" alt=\"\" width=\"154\" height=\"256\"\/><\/p>\n<\/div>\n<\/div>\n<p>&nbsp;<\/p>\n<p><img loading=\"lazy\" decoding=\"async\" class=\"aligncenter size-full wp-image-4493\" src=\"https:\/\/blogsaverroes.juntadeandalucia.es\/ceiplossilos\/files\/2026\/04\/logos-web-1.png\" alt=\"\" width=\"2121\" height=\"360\" srcset=\"https:\/\/blogsaverroes.juntadeandalucia.es\/ceiplossilos\/files\/2026\/04\/logos-web-1.png 2121w, https:\/\/blogsaverroes.juntadeandalucia.es\/ceiplossilos\/files\/2026\/04\/logos-web-1-300x51.png 300w, https:\/\/blogsaverroes.juntadeandalucia.es\/ceiplossilos\/files\/2026\/04\/logos-web-1-1024x174.png 1024w, https:\/\/blogsaverroes.juntadeandalucia.es\/ceiplossilos\/files\/2026\/04\/logos-web-1-768x130.png 768w, https:\/\/blogsaverroes.juntadeandalucia.es\/ceiplossilos\/files\/2026\/04\/logos-web-1-1536x261.png 1536w, https:\/\/blogsaverroes.juntadeandalucia.es\/ceiplossilos\/files\/2026\/04\/logos-web-1-2048x348.png 2048w\" sizes=\"(max-width: 2121px) 100vw, 2121px\" \/><\/p>\n","protected":false},"excerpt":{"rendered":"<p>Hoy en el CEIP Los Silos abrimos nuestra propia Puerta Violeta en el cole. Todo el alumnado, desde Infantil hasta Primaria, se ha unido para&hellip;<\/p>\n","protected":false},"author":12928,"featured_media":4173,"comment_status":"open","ping_status":"closed","sticky":false,"template":"","format":"standard","meta":{"ngg_post_thumbnail":0,"footnotes":""},"categories":[11,1,7,4,6,8,9],"tags":[15,21,12,13,33,14],"aioseo_notices":[],"_links":{"self":[{"href":"https:\/\/blogsaverroes.juntadeandalucia.es\/ceiplossilos\/wp-json\/wp\/v2\/posts\/4172"}],"collection":[{"href":"https:\/\/blogsaverroes.juntadeandalucia.es\/ceiplossilos\/wp-json\/wp\/v2\/posts"}],"about":[{"href":"https:\/\/blogsaverroes.juntadeandalucia.es\/ceiplossilos\/wp-json\/wp\/v2\/types\/post"}],"author":[{"embeddable":true,"href":"https:\/\/blogsaverroes.juntadeandalucia.es\/ceiplossilos\/wp-json\/wp\/v2\/users\/12928"}],"replies":[{"embeddable":true,"href":"https:\/\/blogsaverroes.juntadeandalucia.es\/ceiplossilos\/wp-json\/wp\/v2\/comments?post=4172"}],"version-history":[{"count":2,"href":"https:\/\/blogsaverroes.juntadeandalucia.es\/ceiplossilos\/wp-json\/wp\/v2\/posts\/4172\/revisions"}],"predecessor-version":[{"id":4521,"href":"https:\/\/blogsaverroes.juntadeandalucia.es\/ceiplossilos\/wp-json\/wp\/v2\/posts\/4172\/revisions\/4521"}],"wp:featuredmedia":[{"embeddable":true,"href":"https:\/\/blogsaverroes.juntadeandalucia.es\/ceiplossilos\/wp-json\/wp\/v2\/media\/4173"}],"wp:attachment":[{"href":"https:\/\/blogsaverroes.juntadeandalucia.es\/ceiplossilos\/wp-json\/wp\/v2\/media?parent=4172"}],"wp:term":[{"taxonomy":"category","embeddable":true,"href":"https:\/\/blogsaverroes.juntadeandalucia.es\/ceiplossilos\/wp-json\/wp\/v2\/categories?post=4172"},{"taxonomy":"post_tag","embeddable":true,"href":"https:\/\/blogsaverroes.juntadeandalucia.es\/ceiplossilos\/wp-json\/wp\/v2\/tags?post=4172"}],"curies":[{"name":"wp","href":"https:\/\/api.w.org\/{rel}","templated":true}]}}