{"id":718,"date":"2021-05-27T09:41:48","date_gmt":"2021-05-27T08:41:48","guid":{"rendered":"https:\/\/blogsaverroes.juntadeandalucia.es\/ceiplossilos\/?p=718"},"modified":"2021-05-28T17:29:22","modified_gmt":"2021-05-28T16:29:22","slug":"matriculacion","status":"publish","type":"post","link":"https:\/\/blogsaverroes.juntadeandalucia.es\/ceiplossilos\/matriculacion\/","title":{"rendered":"Matriculaci\u00f3n"},"content":{"rendered":"<p><span style=\"font-size: 18pt\"><strong>INFORMACI\u00d3N MATRICULACI\u00d3N curso 21\/22<\/strong><\/span><\/p>\n<p><img fetchpriority=\"high\" decoding=\"async\" class=\"\" src=\"https:\/\/www.juntadeandalucia.es\/educacion\/portals\/image\/layout_set_logo?img_id=22116&amp;t=1621824403398\" alt=\"Escolarizaci\u00f3n 2021\/2022\" width=\"449\" height=\"134\"><\/p>\n<h4>&nbsp;<\/h4>\n<p>El Plazo de matriculaci\u00f3n seg\u00fan normativa &nbsp; es el siguiente:<\/p>\n<p><span style=\"font-size: 18pt\"><strong>1 al 8 de junio<\/strong><\/span>: alumnado del Centro que promociona al siguiente curso y alumnado que ha presentado la admisi\u00f3n (procedentes de otros Centros o de nuevo ingreso) podr\u00e1 matricularse por tres v\u00edas:&nbsp;<\/p>\n<h4 style=\"font-style: normal\"><strong>1.-<\/strong>En el servicio web de <strong><a href=\"https:\/\/www.juntadeandalucia.es\/educacion\/secretariavirtual\/solicitudes\/\" target=\"_blank\" rel=\"noopener noreferrer\">Secretar\u00eda Virtual<\/a>.<\/strong><\/h4>\n<p>&nbsp;V\u00eddeo explicativo: <a href=\"https:\/\/youtu.be\/p8bqMdBsLd4\" target=\"_blank\" rel=\"noopener noreferrer\"><img decoding=\"async\" class=\"alignnone size-medium wp-image-755\" src=\"https:\/\/blogsaverroes.juntadeandalucia.es\/ceiplossilos\/files\/2021\/05\/Video-Maestro-Mallo-300x170.jpg\" alt=\"\" width=\"300\" height=\"170\" srcset=\"https:\/\/blogsaverroes.juntadeandalucia.es\/ceiplossilos\/files\/2021\/05\/Video-Maestro-Mallo-300x170.jpg 300w, https:\/\/blogsaverroes.juntadeandalucia.es\/ceiplossilos\/files\/2021\/05\/Video-Maestro-Mallo-768x436.jpg 768w, https:\/\/blogsaverroes.juntadeandalucia.es\/ceiplossilos\/files\/2021\/05\/Video-Maestro-Mallo-700x397.jpg 700w, https:\/\/blogsaverroes.juntadeandalucia.es\/ceiplossilos\/files\/2021\/05\/Video-Maestro-Mallo-332x188.jpg 332w, https:\/\/blogsaverroes.juntadeandalucia.es\/ceiplossilos\/files\/2021\/05\/Video-Maestro-Mallo.jpg 784w\" sizes=\"(max-width: 300px) 100vw, 300px\" \/><\/a><\/p>\n<h4 style=\"font-style: normal\"><strong>2.-<\/strong> En la aplicaci\u00f3n inform\u00e1tica <a href=\"https:\/\/www.juntadeandalucia.es\/educacion\/secretariavirtual\/accesoTramite\/365\/\" target=\"_blank\" rel=\"noopener noreferrer\"><strong>S\u00e9neca.<\/strong><\/a><\/h4>\n<h3><span style=\"font-family: helvetica, arial, sans-serif;font-size: 12pt\">Estas nuevas funcionalidades desarrolladas en los dos sistemas, bajo el marco de la adecuaci\u00f3n de la Ley 39\/2015 y la implantaci\u00f3n de los tr\u00e1mites telem\u00e1ticos para la ciudadan\u00eda, facilita a los tutores legales la&nbsp;presentaci\u00f3n electr\u00f3nica del sobre de matr\u00edcula&nbsp;y con ello la petici\u00f3n de los servicios ofertados por el centro, dentro del plan de apertura, sin necesidad de personase en los mismos.<\/span><\/h3>\n<h3><strong>PARA ACCEDER: CLAVE iANDE&nbsp;<br \/>\n<\/strong><\/h3>\n<p align=\"justify\">Para facilitar telem\u00e1ticamente los procedimientos relacionados con el centro (admisi\u00f3n, matriculaci\u00f3n y otros tr\u00e1mites) y as\u00ed evitar que las familias tengan que desplazarse a las instalaciones de los mismos, se ha habilitado el Identificador Andaluz Educativo (<strong>iANDE<\/strong>), una clave que les permitir\u00e1 autenticarse en la Secretar\u00eda Virtual de forma \u00e1gil y r\u00e1pida.<\/p>\n<p align=\"justify\">Las claves&nbsp;<b>iANDE<\/b>&nbsp;se han difundido a las familias&nbsp;<b>a trav\u00e9s de la app iPasen<\/b>, en un mensaje anclado en la bandeja de entrada de&nbsp;<b>Comunicaciones<\/b>. En este mensaje los tutores legales tienen las claves&nbsp;<b>iANDE<\/b>&nbsp;de cada uno de sus hijos o hijas as\u00ed como para ellos mismos si fueran a su vez alumnos. Este mensaje permanece fijo y no se puede borrar.<\/p>\n<p align=\"justify\">&nbsp;<\/p>\n<div class=\"fluid-width-video-wrapper\"><iframe src=\"https:\/\/www.youtube.com\/embed\/p8bqMdBsLd4?version=3&amp;rel=1&amp;fs=1&amp;autohide=2&amp;showsearch=0&amp;showinfo=1&amp;iv_load_policy=1&amp;wmode=transparent\"><\/iframe><\/div>\n<h4 align=\"justify\"><a href=\"https:\/\/blogsaverroes.juntadeandalucia.es\/ceprjosenogales\/files\/2020\/05\/CLAVE-IANDE.pdf\" target=\"_blank\" rel=\"noopener noreferrer\">Manual clave iANDE (pdf 233kB)<\/a><\/h4>\n<h4><a href=\"https:\/\/blogsaverroes.juntadeandalucia.es\/ceprjosenogales\/files\/2020\/05\/sobre.pdf\" target=\"_blank\" rel=\"noopener noreferrer\">Manual Sobre Electr\u00f3nico de Matr\u00edcula con clave iANDE (pdf 273 kB)<\/a><\/h4>\n<h3><strong>&nbsp;ENLACES:<br \/>\n<\/strong><\/h3>\n<ul>\n<li>\n<h3><a href=\"https:\/\/www.juntadeandalucia.es\/educacion\/secretariavirtual\/accesoTramite\/365\/\" target=\"_blank\" rel=\"noopener noreferrer\">Acceso al Sobre Electr\u00f3nico&nbsp; en Secretar\u00eda Virtual. (Disponible del 1 al 8 de junio)<\/a><\/h3>\n<\/li>\n<li>\n<h4><a href=\"http:\/\/www.juntadeandalucia.es\/educacion\/portals\/abaco-portlet\/content\/87bba65d-0b76-4832-acac-9e9742ca7cf9\" target=\"_blank\" rel=\"noopener noreferrer\">Manual para las familias.<\/a><\/h4>\n<\/li>\n<\/ul>\n<h3><strong>&nbsp;VIDEOTUTORIAL <a href=\"https:\/\/youtu.be\/7D1QzGex7SQ\" target=\"_blank\" rel=\"noopener noreferrer\">MATRICULACI\u00d3N&nbsp;<\/a><\/strong><\/h3>\n<div class=\"fluid-width-video-wrapper\"><iframe src=\"https:\/\/www.youtube.com\/embed\/7D1QzGex7SQ?version=3&amp;rel=1&amp;fs=1&amp;autohide=2&amp;showsearch=0&amp;showinfo=1&amp;iv_load_policy=1&amp;wmode=transparent\"><\/iframe><\/div>\n<p>&nbsp;<\/p>\n<p><span style=\"font-size: 14pt\"><strong>3.-<\/strong><\/span> <strong>Presencialmente, presentando en secretar\u00eda la siguiente documentaci\u00f3n:<\/strong><\/p>\n<p>Con cita previa en el tel\u00e9fono 959121014<\/p>\n<p><em><strong><span style=\"font-size: 14pt\">Con car\u00e1cter general<\/span><\/strong> <\/em><\/p>\n<p>\uf0b7 Solicitud cumplimentada: anexo IV para Educaci\u00f3n Infantil y anexo V para Educaci\u00f3n Primaria.<\/p>\n<p>\uf0b7 Impreso de religi\u00f3n o Valores c\u00edvicos.<\/p>\n<p>\uf0b7 Impreso de autorizaci\u00f3n del uso de im\u00e1genes.<\/p>\n<p>\uf0b7 Fotocopia de sentencia de separaci\u00f3n \/ divorcio, si fuese necesario.<\/p>\n<p>\uf0b7 Documentaci\u00f3n m\u00e9dica, cuando sea relevante.<\/p>\n<p>\uf0b7 Impreso de autorizaci\u00f3n de salidas por el entorno.<\/p>\n<p>\uf0b7 Impreso con datos de alergias y datos m\u00e9dicos.<\/p>\n<p>\uf0b7 Inscripci\u00f3n Ampa.<\/p>\n<p>Toda la informaci\u00f3n en la Web: <a href=\"https:\/\/www.juntadeandalucia.es\/educacion\/portals\/web\/escolarizacion\/infantil-a-bachillerato\/impresos\" target=\"_blank\" rel=\"noopener noreferrer\">https:\/\/www.juntadeandalucia.es\/educacion\/portals\/web\/escolarizacion\/infantil-a-bachillerato\/impresos<\/a><\/p>\n<p>&nbsp;<\/p>\n","protected":false},"excerpt":{"rendered":"<p>INFORMACI\u00d3N MATRICULACI\u00d3N curso 21\/22 &nbsp; El Plazo de matriculaci\u00f3n seg\u00fan normativa &nbsp; es el siguiente: 1 al 8 de junio: alumnado del Centro que promociona&hellip;<\/p>\n","protected":false},"author":12928,"featured_media":719,"comment_status":"open","ping_status":"open","sticky":false,"template":"","format":"video","meta":{"ngg_post_thumbnail":0,"footnotes":""},"categories":[10],"tags":[21],"aioseo_notices":[],"_links":{"self":[{"href":"https:\/\/blogsaverroes.juntadeandalucia.es\/ceiplossilos\/wp-json\/wp\/v2\/posts\/718"}],"collection":[{"href":"https:\/\/blogsaverroes.juntadeandalucia.es\/ceiplossilos\/wp-json\/wp\/v2\/posts"}],"about":[{"href":"https:\/\/blogsaverroes.juntadeandalucia.es\/ceiplossilos\/wp-json\/wp\/v2\/types\/post"}],"author":[{"embeddable":true,"href":"https:\/\/blogsaverroes.juntadeandalucia.es\/ceiplossilos\/wp-json\/wp\/v2\/users\/12928"}],"replies":[{"embeddable":true,"href":"https:\/\/blogsaverroes.juntadeandalucia.es\/ceiplossilos\/wp-json\/wp\/v2\/comments?post=718"}],"version-history":[{"count":7,"href":"https:\/\/blogsaverroes.juntadeandalucia.es\/ceiplossilos\/wp-json\/wp\/v2\/posts\/718\/revisions"}],"predecessor-version":[{"id":756,"href":"https:\/\/blogsaverroes.juntadeandalucia.es\/ceiplossilos\/wp-json\/wp\/v2\/posts\/718\/revisions\/756"}],"wp:featuredmedia":[{"embeddable":true,"href":"https:\/\/blogsaverroes.juntadeandalucia.es\/ceiplossilos\/wp-json\/wp\/v2\/media\/719"}],"wp:attachment":[{"href":"https:\/\/blogsaverroes.juntadeandalucia.es\/ceiplossilos\/wp-json\/wp\/v2\/media?parent=718"}],"wp:term":[{"taxonomy":"category","embeddable":true,"href":"https:\/\/blogsaverroes.juntadeandalucia.es\/ceiplossilos\/wp-json\/wp\/v2\/categories?post=718"},{"taxonomy":"post_tag","embeddable":true,"href":"https:\/\/blogsaverroes.juntadeandalucia.es\/ceiplossilos\/wp-json\/wp\/v2\/tags?post=718"}],"curies":[{"name":"wp","href":"https:\/\/api.w.org\/{rel}","templated":true}]}}