{"id":839,"date":"2021-10-13T12:49:27","date_gmt":"2021-10-13T11:49:27","guid":{"rendered":"https:\/\/blogsaverroes.juntadeandalucia.es\/ceiplossilos\/?p=839"},"modified":"2021-10-14T10:25:01","modified_gmt":"2021-10-14T09:25:01","slug":"elecciones-a-consejo-escolar","status":"publish","type":"post","link":"https:\/\/blogsaverroes.juntadeandalucia.es\/ceiplossilos\/elecciones-a-consejo-escolar\/","title":{"rendered":"Elecciones a Consejo Escolar"},"content":{"rendered":"<div id=\"skip-link\"><span style=\"font-size: 36pt\"><strong>PARTICIPA<\/strong><\/span><\/div>\n<div>&nbsp;<\/div>\n<div>RESOLUCI\u00d3N de 24 de septiembre de 2021 de la Delegaci\u00f3n Territorial de Educaci\u00f3n y<br \/>\nDeporte por la que se acuerda la convocatoria de la celebraci\u00f3n de elecciones<br \/>\nextraordinarias y se establece el calendario para el desarrollo del proceso electoral de<br \/>\nrepresentantes en los Consejos Escolares de los centros docentes sostenidos con fondos<br \/>\np\u00fablicos de la Comunidad Aut\u00f3noma de Andaluc\u00eda, a excepci\u00f3n de los centros espec\u00edficos<br \/>\nde educaci\u00f3n permanente de personas adultas, y en el Consejo de Centro del Instituto<br \/>\nProvincial de Educaci\u00f3n Permanente, durante el primer trimestre del curso 2021\/2022.<\/div>\n<div>&nbsp;<\/div>\n<div id=\"wrapper\">\n<div id=\"wrapper-content\" class=\"\">\n<div id=\"contenido\">\n<div class=\"region region-contenido\">\n<div id=\"block-system-main\" class=\"block block-system clearfix\">\n<div class=\"content\">\n<div class=\"view view-contenido view-id-contenido view-display-id-portada view-dom-id-191c72cef463c2f544ee1a240c7d024b jquery-once-1-processed\">\n<div class=\"view-content\">\n<div class=\"views-row views-row-1 views-row-odd views-row-first views-row-last \">\n<div class=\"views-field views-field-views-conditional-1\"><span style=\"font-size: 18pt\"><a href=\"https:\/\/blogsaverroes.juntadeandalucia.es\/ceiplossilos\/files\/2021\/10\/Resolucion-Consejo-Escolar.pdf\">Accede pinchando aqu\u00ed : Consejo Escolar<\/a><\/span><\/div>\n<\/div>\n<div>&nbsp;<\/div>\n<div class=\"views-row views-row-1 views-row-odd views-row-first views-row-last \">\n<p><img fetchpriority=\"high\" decoding=\"async\" class=\"wp-image-840 aligncenter\" src=\"https:\/\/blogsaverroes.juntadeandalucia.es\/ceiplossilos\/files\/2021\/10\/Elecciones-C.-Escolar-231x300.jpg\" alt=\"\" width=\"357\" height=\"464\" srcset=\"https:\/\/blogsaverroes.juntadeandalucia.es\/ceiplossilos\/files\/2021\/10\/Elecciones-C.-Escolar-231x300.jpg 231w, https:\/\/blogsaverroes.juntadeandalucia.es\/ceiplossilos\/files\/2021\/10\/Elecciones-C.-Escolar.jpg 395w\" sizes=\"(max-width: 357px) 100vw, 357px\" \/><\/p>\n<p>&nbsp;<\/p>\n<\/div>\n<\/div>\n<\/div>\n<\/div>\n<\/div>\n<\/div>\n<\/div>\n<\/div>\n<\/div>\n","protected":false},"excerpt":{"rendered":"<p>PARTICIPA &nbsp; RESOLUCI\u00d3N de 24 de septiembre de 2021 de la Delegaci\u00f3n Territorial de Educaci\u00f3n y Deporte por la que se acuerda la convocatoria de&hellip;<\/p>\n","protected":false},"author":12928,"featured_media":840,"comment_status":"open","ping_status":"open","sticky":false,"template":"","format":"standard","meta":{"ngg_post_thumbnail":0,"footnotes":""},"categories":[4],"tags":[],"aioseo_notices":[],"_links":{"self":[{"href":"https:\/\/blogsaverroes.juntadeandalucia.es\/ceiplossilos\/wp-json\/wp\/v2\/posts\/839"}],"collection":[{"href":"https:\/\/blogsaverroes.juntadeandalucia.es\/ceiplossilos\/wp-json\/wp\/v2\/posts"}],"about":[{"href":"https:\/\/blogsaverroes.juntadeandalucia.es\/ceiplossilos\/wp-json\/wp\/v2\/types\/post"}],"author":[{"embeddable":true,"href":"https:\/\/blogsaverroes.juntadeandalucia.es\/ceiplossilos\/wp-json\/wp\/v2\/users\/12928"}],"replies":[{"embeddable":true,"href":"https:\/\/blogsaverroes.juntadeandalucia.es\/ceiplossilos\/wp-json\/wp\/v2\/comments?post=839"}],"version-history":[{"count":6,"href":"https:\/\/blogsaverroes.juntadeandalucia.es\/ceiplossilos\/wp-json\/wp\/v2\/posts\/839\/revisions"}],"predecessor-version":[{"id":857,"href":"https:\/\/blogsaverroes.juntadeandalucia.es\/ceiplossilos\/wp-json\/wp\/v2\/posts\/839\/revisions\/857"}],"wp:featuredmedia":[{"embeddable":true,"href":"https:\/\/blogsaverroes.juntadeandalucia.es\/ceiplossilos\/wp-json\/wp\/v2\/media\/840"}],"wp:attachment":[{"href":"https:\/\/blogsaverroes.juntadeandalucia.es\/ceiplossilos\/wp-json\/wp\/v2\/media?parent=839"}],"wp:term":[{"taxonomy":"category","embeddable":true,"href":"https:\/\/blogsaverroes.juntadeandalucia.es\/ceiplossilos\/wp-json\/wp\/v2\/categories?post=839"},{"taxonomy":"post_tag","embeddable":true,"href":"https:\/\/blogsaverroes.juntadeandalucia.es\/ceiplossilos\/wp-json\/wp\/v2\/tags?post=839"}],"curies":[{"name":"wp","href":"https:\/\/api.w.org\/{rel}","templated":true}]}}