{"id":1814,"date":"2024-10-25T20:23:29","date_gmt":"2024-10-25T19:23:29","guid":{"rendered":"https:\/\/blogsaverroes.juntadeandalucia.es\/ceipmadredelaluz\/?p=1814"},"modified":"2024-11-17T16:29:43","modified_gmt":"2024-11-17T15:29:43","slug":"nuestro-programa-erasmus-ka122","status":"publish","type":"post","link":"https:\/\/blogsaverroes.juntadeandalucia.es\/ceipmadredelaluz\/nuestro-programa-erasmus-ka122\/","title":{"rendered":"Nuestro Programa Erasmus+ KA122"},"content":{"rendered":"<p><img fetchpriority=\"high\" decoding=\"async\" class=\"aligncenter wp-image-1801 \" src=\"https:\/\/blogsaverroes.juntadeandalucia.es\/ceipmadredelaluz\/files\/2024\/10\/Erasmus_cartel-1024x406.png\" alt=\"\" width=\"1024\" height=\"406\" srcset=\"https:\/\/blogsaverroes.juntadeandalucia.es\/ceipmadredelaluz\/files\/2024\/10\/Erasmus_cartel-1024x406.png 1024w, https:\/\/blogsaverroes.juntadeandalucia.es\/ceipmadredelaluz\/files\/2024\/10\/Erasmus_cartel-300x119.png 300w, https:\/\/blogsaverroes.juntadeandalucia.es\/ceipmadredelaluz\/files\/2024\/10\/Erasmus_cartel-768x305.png 768w, https:\/\/blogsaverroes.juntadeandalucia.es\/ceipmadredelaluz\/files\/2024\/10\/Erasmus_cartel-1536x610.png 1536w, https:\/\/blogsaverroes.juntadeandalucia.es\/ceipmadredelaluz\/files\/2024\/10\/Erasmus_cartel-2048x813.png 2048w\" sizes=\"(max-width: 1024px) 100vw, 1024px\" \/><\/p>\n<div style=\"text-align: justify\"><span style=\"font-family: arial, helvetica, sans-serif;font-size: 14pt\">Los objetivos de nuestro programa Erasmus+ &#8220;Guardianes Internacionales de Nuestro Entorno&#8221; son:<\/span><\/div>\n<ol>\n<li style=\"text-align: justify\"><span style=\"font-family: arial, helvetica, sans-serif;font-size: 14pt\">Promover la internacionalizaci\u00f3n del centro, estableciendo alianzas internacionales, integrando la dimensi\u00f3n internacional en el curr\u00edculo y creando una comunidad educativa global. <\/span><\/li>\n<li style=\"text-align: justify\"><span style=\"font-family: arial, helvetica, sans-serif;font-size: 14pt\">Fomentar la transformaci\u00f3n ecosocial del centro, reduciendo la huella ecol\u00f3gica del centro, integrando la dimensi\u00f3n ambiental en el curr\u00edculo y creando una cultura de cuidado del medio ambiente.<\/span><\/li>\n<li style=\"text-align: justify\"><span style=\"font-family: arial, helvetica, sans-serif;font-size: 14pt\">Facilitar la creaci\u00f3n de una comunidad educativa accesible y cuidadosa con el entorno, promoviendo la diversidad, el respeto y el desarrollo de competencias sociales y emocionales, y fortaleciendo los v\u00ednculos con la comunidad.<\/span><\/li>\n<\/ol>\n","protected":false},"excerpt":{"rendered":"<p>Los objetivos de nuestro programa Erasmus+ &#8220;Guardianes Internacionales de Nuestro Entorno&#8221; son: Promover la internacionalizaci\u00f3n del centro, estableciendo alianzas internacionales, integrando la dimensi\u00f3n internacional en el curr\u00edculo y creando una comunidad educativa global. Fomentar&#46;&#46;&#46;<\/p>\n","protected":false},"author":19927,"featured_media":1801,"comment_status":"closed","ping_status":"open","sticky":false,"template":"","format":"standard","meta":{"ngg_post_thumbnail":0,"footnotes":""},"categories":[33,3],"tags":[],"aioseo_notices":[],"_links":{"self":[{"href":"https:\/\/blogsaverroes.juntadeandalucia.es\/ceipmadredelaluz\/wp-json\/wp\/v2\/posts\/1814"}],"collection":[{"href":"https:\/\/blogsaverroes.juntadeandalucia.es\/ceipmadredelaluz\/wp-json\/wp\/v2\/posts"}],"about":[{"href":"https:\/\/blogsaverroes.juntadeandalucia.es\/ceipmadredelaluz\/wp-json\/wp\/v2\/types\/post"}],"author":[{"embeddable":true,"href":"https:\/\/blogsaverroes.juntadeandalucia.es\/ceipmadredelaluz\/wp-json\/wp\/v2\/users\/19927"}],"replies":[{"embeddable":true,"href":"https:\/\/blogsaverroes.juntadeandalucia.es\/ceipmadredelaluz\/wp-json\/wp\/v2\/comments?post=1814"}],"version-history":[{"count":4,"href":"https:\/\/blogsaverroes.juntadeandalucia.es\/ceipmadredelaluz\/wp-json\/wp\/v2\/posts\/1814\/revisions"}],"predecessor-version":[{"id":1933,"href":"https:\/\/blogsaverroes.juntadeandalucia.es\/ceipmadredelaluz\/wp-json\/wp\/v2\/posts\/1814\/revisions\/1933"}],"wp:featuredmedia":[{"embeddable":true,"href":"https:\/\/blogsaverroes.juntadeandalucia.es\/ceipmadredelaluz\/wp-json\/wp\/v2\/media\/1801"}],"wp:attachment":[{"href":"https:\/\/blogsaverroes.juntadeandalucia.es\/ceipmadredelaluz\/wp-json\/wp\/v2\/media?parent=1814"}],"wp:term":[{"taxonomy":"category","embeddable":true,"href":"https:\/\/blogsaverroes.juntadeandalucia.es\/ceipmadredelaluz\/wp-json\/wp\/v2\/categories?post=1814"},{"taxonomy":"post_tag","embeddable":true,"href":"https:\/\/blogsaverroes.juntadeandalucia.es\/ceipmadredelaluz\/wp-json\/wp\/v2\/tags?post=1814"}],"curies":[{"name":"wp","href":"https:\/\/api.w.org\/{rel}","templated":true}]}}