{"id":1819,"date":"2024-10-26T20:33:40","date_gmt":"2024-10-26T19:33:40","guid":{"rendered":"https:\/\/blogsaverroes.juntadeandalucia.es\/ceipmadredelaluz\/?p=1819"},"modified":"2024-11-17T16:14:39","modified_gmt":"2024-11-17T15:14:39","slug":"nuestro-programa-integrado-coigpaz","status":"publish","type":"post","link":"https:\/\/blogsaverroes.juntadeandalucia.es\/ceipmadredelaluz\/nuestro-programa-integrado-coigpaz\/","title":{"rendered":"Nuestro Programa Integrado &#8220;CoIgPaz&#8221;"},"content":{"rendered":"<p><img fetchpriority=\"high\" decoding=\"async\" class=\"aligncenter wp-image-1794 size-medium\" src=\"https:\/\/blogsaverroes.juntadeandalucia.es\/ceipmadredelaluz\/files\/2024\/10\/Logo_COIGPAZ_fondo_transparente-300x300.png\" alt=\"\" width=\"300\" height=\"300\" srcset=\"https:\/\/blogsaverroes.juntadeandalucia.es\/ceipmadredelaluz\/files\/2024\/10\/Logo_COIGPAZ_fondo_transparente-300x300.png 300w, https:\/\/blogsaverroes.juntadeandalucia.es\/ceipmadredelaluz\/files\/2024\/10\/Logo_COIGPAZ_fondo_transparente-150x150.png 150w, https:\/\/blogsaverroes.juntadeandalucia.es\/ceipmadredelaluz\/files\/2024\/10\/Logo_COIGPAZ_fondo_transparente-768x768.png 768w, https:\/\/blogsaverroes.juntadeandalucia.es\/ceipmadredelaluz\/files\/2024\/10\/Logo_COIGPAZ_fondo_transparente-80x80.png 80w, https:\/\/blogsaverroes.juntadeandalucia.es\/ceipmadredelaluz\/files\/2024\/10\/Logo_COIGPAZ_fondo_transparente-320x320.png 320w, https:\/\/blogsaverroes.juntadeandalucia.es\/ceipmadredelaluz\/files\/2024\/10\/Logo_COIGPAZ_fondo_transparente.png 1000w\" sizes=\"(max-width: 300px) 100vw, 300px\" \/><\/p>\n<p style=\"text-align: justify\"><span style=\"font-family: arial, helvetica, sans-serif;font-size: 14pt\">Nuestro <strong>Programa Integrado<\/strong> &#8220;<strong>CoIgPaz<\/strong>&#8221; nace desde la coordinaci\u00f3n de los siguientes programas que se llevan a cabo en nuestro centro:<\/span><\/p>\n<ul>\n<li><span style=\"font-family: arial, helvetica, sans-serif;font-size: 14pt\">Plan de Convivencia escolar<\/span><\/li>\n<li><span style=\"font-family: arial, helvetica, sans-serif;font-size: 14pt\">Plan Estrat\u00e9gico de Igualdad de G\u00e9nero en educaci\u00f3n<\/span><\/li>\n<li><span style=\"font-family: arial, helvetica, sans-serif;font-size: 14pt\">Pacto de Estado Prevenci\u00f3n contra la Violencia de G\u00e9nero<\/span><\/li>\n<li><span style=\"font-family: arial, helvetica, sans-serif;font-size: 14pt\">Participaci\u00f3n en la Red Andaluza &#8220;Escuela: Espacio de Paz&#8221;<\/span><\/li>\n<li><span style=\"font-family: arial, helvetica, sans-serif;font-size: 14pt\">Programa de Bienestar y Protecci\u00f3n Infancia y Adolescencia<\/span><\/li>\n<\/ul>\n","protected":false},"excerpt":{"rendered":"<p>Nuestro Programa Integrado &#8220;CoIgPaz&#8221; nace desde la coordinaci\u00f3n de los siguientes programas que se llevan a cabo en nuestro centro: Plan de Convivencia escolar Plan Estrat\u00e9gico de Igualdad de G\u00e9nero en educaci\u00f3n Pacto de&#46;&#46;&#46;<\/p>\n","protected":false},"author":19927,"featured_media":1820,"comment_status":"closed","ping_status":"open","sticky":false,"template":"","format":"standard","meta":{"ngg_post_thumbnail":0,"footnotes":""},"categories":[3,32],"tags":[],"aioseo_notices":[],"_links":{"self":[{"href":"https:\/\/blogsaverroes.juntadeandalucia.es\/ceipmadredelaluz\/wp-json\/wp\/v2\/posts\/1819"}],"collection":[{"href":"https:\/\/blogsaverroes.juntadeandalucia.es\/ceipmadredelaluz\/wp-json\/wp\/v2\/posts"}],"about":[{"href":"https:\/\/blogsaverroes.juntadeandalucia.es\/ceipmadredelaluz\/wp-json\/wp\/v2\/types\/post"}],"author":[{"embeddable":true,"href":"https:\/\/blogsaverroes.juntadeandalucia.es\/ceipmadredelaluz\/wp-json\/wp\/v2\/users\/19927"}],"replies":[{"embeddable":true,"href":"https:\/\/blogsaverroes.juntadeandalucia.es\/ceipmadredelaluz\/wp-json\/wp\/v2\/comments?post=1819"}],"version-history":[{"count":3,"href":"https:\/\/blogsaverroes.juntadeandalucia.es\/ceipmadredelaluz\/wp-json\/wp\/v2\/posts\/1819\/revisions"}],"predecessor-version":[{"id":1930,"href":"https:\/\/blogsaverroes.juntadeandalucia.es\/ceipmadredelaluz\/wp-json\/wp\/v2\/posts\/1819\/revisions\/1930"}],"wp:featuredmedia":[{"embeddable":true,"href":"https:\/\/blogsaverroes.juntadeandalucia.es\/ceipmadredelaluz\/wp-json\/wp\/v2\/media\/1820"}],"wp:attachment":[{"href":"https:\/\/blogsaverroes.juntadeandalucia.es\/ceipmadredelaluz\/wp-json\/wp\/v2\/media?parent=1819"}],"wp:term":[{"taxonomy":"category","embeddable":true,"href":"https:\/\/blogsaverroes.juntadeandalucia.es\/ceipmadredelaluz\/wp-json\/wp\/v2\/categories?post=1819"},{"taxonomy":"post_tag","embeddable":true,"href":"https:\/\/blogsaverroes.juntadeandalucia.es\/ceipmadredelaluz\/wp-json\/wp\/v2\/tags?post=1819"}],"curies":[{"name":"wp","href":"https:\/\/api.w.org\/{rel}","templated":true}]}}