{"id":1118,"date":"2024-09-27T12:58:00","date_gmt":"2024-09-27T11:58:00","guid":{"rendered":"https:\/\/blogsaverroes.juntadeandalucia.es\/ceipmaestranataliaalbanes\/?p=1118"},"modified":"2024-11-02T12:05:15","modified_gmt":"2024-11-02T11:05:15","slug":"dia-europeo-lenguas","status":"publish","type":"post","link":"https:\/\/blogsaverroes.juntadeandalucia.es\/ceipmaestranataliaalbanes\/dia-europeo-lenguas\/","title":{"rendered":"Celebramos el D\u00eda Europeo de las Lenguas"},"content":{"rendered":"<p>El 26 de septiembre celebramos el D\u00eda Europeo de la Lenguas. Iniciativa creada en 2001 por la Comisi\u00f3n Europea y el Consejo de Europa.&nbsp;<\/p>\n<p>Entre los objetivos que se busca con esta iniciativa es destacar la riqueza de la diversidad de lenguas que existen y se hablan en Europa. De esta manera se fomenta el patrimonio cultural y la riqueza ling\u00fc\u00edstica.<\/p>\n<p>Desde el CEIP Maestra Natalia Alban\u00e9s lo celebramos con mucho entusiasmo. Nuestro alumnado investig\u00f3 palabras bonitas y las coloc\u00f3 en la bandera de cada pa\u00eds europeo.<\/p>\n","protected":false},"excerpt":{"rendered":"<p>El 26 de septiembre celebramos el D\u00eda Europeo de la Lenguas. Iniciativa creada en 2001 por la Comisi\u00f3n Europea y el Consejo de Europa.&nbsp; Entre&hellip;<\/p>\n","protected":false},"author":14654,"featured_media":1129,"comment_status":"closed","ping_status":"open","sticky":false,"template":"","format":"standard","meta":{"ngg_post_thumbnail":0,"footnotes":""},"categories":[7],"tags":[],"aioseo_notices":[],"_links":{"self":[{"href":"https:\/\/blogsaverroes.juntadeandalucia.es\/ceipmaestranataliaalbanes\/wp-json\/wp\/v2\/posts\/1118"}],"collection":[{"href":"https:\/\/blogsaverroes.juntadeandalucia.es\/ceipmaestranataliaalbanes\/wp-json\/wp\/v2\/posts"}],"about":[{"href":"https:\/\/blogsaverroes.juntadeandalucia.es\/ceipmaestranataliaalbanes\/wp-json\/wp\/v2\/types\/post"}],"author":[{"embeddable":true,"href":"https:\/\/blogsaverroes.juntadeandalucia.es\/ceipmaestranataliaalbanes\/wp-json\/wp\/v2\/users\/14654"}],"replies":[{"embeddable":true,"href":"https:\/\/blogsaverroes.juntadeandalucia.es\/ceipmaestranataliaalbanes\/wp-json\/wp\/v2\/comments?post=1118"}],"version-history":[{"count":7,"href":"https:\/\/blogsaverroes.juntadeandalucia.es\/ceipmaestranataliaalbanes\/wp-json\/wp\/v2\/posts\/1118\/revisions"}],"predecessor-version":[{"id":1410,"href":"https:\/\/blogsaverroes.juntadeandalucia.es\/ceipmaestranataliaalbanes\/wp-json\/wp\/v2\/posts\/1118\/revisions\/1410"}],"wp:featuredmedia":[{"embeddable":true,"href":"https:\/\/blogsaverroes.juntadeandalucia.es\/ceipmaestranataliaalbanes\/wp-json\/wp\/v2\/media\/1129"}],"wp:attachment":[{"href":"https:\/\/blogsaverroes.juntadeandalucia.es\/ceipmaestranataliaalbanes\/wp-json\/wp\/v2\/media?parent=1118"}],"wp:term":[{"taxonomy":"category","embeddable":true,"href":"https:\/\/blogsaverroes.juntadeandalucia.es\/ceipmaestranataliaalbanes\/wp-json\/wp\/v2\/categories?post=1118"},{"taxonomy":"post_tag","embeddable":true,"href":"https:\/\/blogsaverroes.juntadeandalucia.es\/ceipmaestranataliaalbanes\/wp-json\/wp\/v2\/tags?post=1118"}],"curies":[{"name":"wp","href":"https:\/\/api.w.org\/{rel}","templated":true}]}}