{"id":8116,"date":"2021-06-08T09:00:32","date_gmt":"2021-06-08T07:00:32","guid":{"rendered":"https:\/\/blogsaverroes.juntadeandalucia.es\/ceipmaestrateresamorales\/?p=8116"},"modified":"2021-09-01T19:53:48","modified_gmt":"2021-09-01T17:53:48","slug":"8-de-junio","status":"publish","type":"post","link":"https:\/\/blogsaverroes.juntadeandalucia.es\/ceipmaestrateresamorales\/2021\/06\/08\/8-de-junio\/","title":{"rendered":"8 de Junio."},"content":{"rendered":"<p style=\"text-align: center\"><span style=\"font-family: impact, sans-serif;font-size: 16pt;color: #3366ff\"><strong>El oc\u00e9ano, vida y medio de subsistencia.<\/strong><\/span><\/p>\n<p>&nbsp;<\/p>\n<p><span style=\"font-size: 14pt\">La importancia de los oc\u00e9anos radica en que son la principal fuente de vida de todo lo que existe y se mueve sobre la Tierra. Sin embargo, a trav\u00e9s de los a\u00f1os, el hombre, en su constante af\u00e1n de avanzar hacia la b\u00fasqueda de nuevos desarrollos, ha provocado un gran da\u00f1o a los mares y oc\u00e9anos.<\/span><\/p>\n<p><span style=\"font-size: 14pt\"><img loading=\"lazy\" decoding=\"async\" class=\"alignleft wp-image-8118\" src=\"https:\/\/blogsaverroes.juntadeandalucia.es\/ceipmaestrateresamorales\/files\/2021\/06\/06-08_dia-mundial-de-los-oceanos_vida_m-150x150.jpg\" alt=\"\" width=\"301\" height=\"301\" srcset=\"https:\/\/blogsaverroes.juntadeandalucia.es\/ceipmaestrateresamorales\/files\/2021\/06\/06-08_dia-mundial-de-los-oceanos_vida_m-150x150.jpg 150w, https:\/\/blogsaverroes.juntadeandalucia.es\/ceipmaestrateresamorales\/files\/2021\/06\/06-08_dia-mundial-de-los-oceanos_vida_m-80x80.jpg 80w, https:\/\/blogsaverroes.juntadeandalucia.es\/ceipmaestrateresamorales\/files\/2021\/06\/06-08_dia-mundial-de-los-oceanos_vida_m-320x320.jpg 320w\" sizes=\"(max-width: 301px) 100vw, 301px\" \/>Cada a\u00f1o son&nbsp;<strong>miles las especies de plantas y animales que se extinguen<\/strong>&nbsp;debido a la gran cantidad de desperdicios y agentes contaminantes que son depositados en las aguas del mar.<\/span><\/p>\n<p><span style=\"font-size: 14pt\">Otra amenaza del \u00faltimo a\u00f1o es que se ha podido observar un&nbsp;<strong>incremento en el nivel del mar debido a los gases del efecto invernadero.<\/strong><\/span><\/p>\n<p><span style=\"font-size: 14pt\">Se ha producido el&nbsp;<strong>derretimiento de los glaciares en los polos terrestres y un descenso importante en la salinidad de los oc\u00e9anos<\/strong>, que a la larga causar\u00eda grandes tormentas, inundaciones y muchos otros desastres con devastadoras consecuencias para todo el planeta.<\/span><\/p>\n<p><span style=\"font-size: 14pt\">La pandemia tambi\u00e9n est\u00e1 afectando a nuestras aguas y es por ello por lo que os pedimos, introducir esta \u201cpeque\u00f1a Acci\u00f3n\u201d en vuestros hogares. Las gomas de las mascarillas, causan enredo, asfixia a muchos animales marinos. Es tan f\u00e1cil ayudarlos\u2026un simple gesto: quitar las gomas antes de echarlas al contenedor adecuado. Con las gomas podemos hacer coleteros, pulseras, y cualquier otra utilidad que le podamos dar.<\/span><\/p>\n<p><span style=\"font-size: 14pt\">Os dejamos aqu\u00ed un enlace para que ve\u00e1is los efectos que ya se est\u00e1n produciendo.<\/span><\/p>\n<p style=\"text-align: center\">&nbsp;VIDEO DE CONCIENCIACI\u00d3N.&nbsp; &nbsp;<a href=\"https:\/\/youtu.be\/6QVWFrhB4pM?t=4\">https:\/\/youtu.be\/6QVWFrhB4pM?t=4<\/a><\/p>\n<h3 style=\"text-align: center\"><span style=\"color: #3366ff\"><em><strong>\u00a1Todav\u00eda estamos a tiempo de cambiar las cosas, de hacerlas de otro modo!<\/strong><\/em><\/span><\/h3>\n<p style=\"text-align: right\">&nbsp; &nbsp; &nbsp; &nbsp; &nbsp; &nbsp; &nbsp; &nbsp; &nbsp; &nbsp; &nbsp; &nbsp; &nbsp; &nbsp; &nbsp; &nbsp; &nbsp; &nbsp; &nbsp; &nbsp; &nbsp; &nbsp; &nbsp; &nbsp; &nbsp; &nbsp; &nbsp; &nbsp; &nbsp; &nbsp; &nbsp; &nbsp; &nbsp; &nbsp; &nbsp; &nbsp; &nbsp; &nbsp; &nbsp; &nbsp; &nbsp; &nbsp; &nbsp; &nbsp; &nbsp; &nbsp; &nbsp; &nbsp; &nbsp; &nbsp; &nbsp; &nbsp; &nbsp; &nbsp; &nbsp; &nbsp;<span style=\"font-size: 14pt\"> &nbsp;Gracias por vuestro inter\u00e9s y colaboraci\u00f3n.<\/span><\/p>\n<p style=\"text-align: right\"><span style=\"font-size: 14pt\">&nbsp; &nbsp; &nbsp; &nbsp; &nbsp; &nbsp; &nbsp; &nbsp; &nbsp; &nbsp; &nbsp; &nbsp; &nbsp; &nbsp; &nbsp; &nbsp; &nbsp; &nbsp; &nbsp; &nbsp; &nbsp; &nbsp; &nbsp; &nbsp; &nbsp; &nbsp; &nbsp; &nbsp; &nbsp; &nbsp; &nbsp; &nbsp; &nbsp; &nbsp; &nbsp; &nbsp; &nbsp; &nbsp; &nbsp; &nbsp; &nbsp; &nbsp; &nbsp; &nbsp; &nbsp; &nbsp; &nbsp; &nbsp; &nbsp; &nbsp; &nbsp; &nbsp; &nbsp; &nbsp; &nbsp; &nbsp; &nbsp; &nbsp; &nbsp; &nbsp; &nbsp; &nbsp; &nbsp; &nbsp; EL EQUIPO ALDEA DEL CEIP Maestra Teresa Morales.<\/span><\/p>\n","protected":false},"excerpt":{"rendered":"<p>El oc\u00e9ano, vida y medio de subsistencia. &nbsp; La importancia de los oc\u00e9anos radica en que son la principal fuente de vida de todo lo que existe y se mueve sobre la Tierra. Sin&#46;&#46;&#46;<\/p>\n","protected":false},"author":7621,"featured_media":8119,"comment_status":"open","ping_status":"open","sticky":false,"template":"","format":"standard","meta":{"ngg_post_thumbnail":0,"footnotes":""},"categories":[1578238,2081678],"tags":[],"aioseo_notices":[],"_links":{"self":[{"href":"https:\/\/blogsaverroes.juntadeandalucia.es\/ceipmaestrateresamorales\/wp-json\/wp\/v2\/posts\/8116"}],"collection":[{"href":"https:\/\/blogsaverroes.juntadeandalucia.es\/ceipmaestrateresamorales\/wp-json\/wp\/v2\/posts"}],"about":[{"href":"https:\/\/blogsaverroes.juntadeandalucia.es\/ceipmaestrateresamorales\/wp-json\/wp\/v2\/types\/post"}],"author":[{"embeddable":true,"href":"https:\/\/blogsaverroes.juntadeandalucia.es\/ceipmaestrateresamorales\/wp-json\/wp\/v2\/users\/7621"}],"replies":[{"embeddable":true,"href":"https:\/\/blogsaverroes.juntadeandalucia.es\/ceipmaestrateresamorales\/wp-json\/wp\/v2\/comments?post=8116"}],"version-history":[{"count":2,"href":"https:\/\/blogsaverroes.juntadeandalucia.es\/ceipmaestrateresamorales\/wp-json\/wp\/v2\/posts\/8116\/revisions"}],"predecessor-version":[{"id":8120,"href":"https:\/\/blogsaverroes.juntadeandalucia.es\/ceipmaestrateresamorales\/wp-json\/wp\/v2\/posts\/8116\/revisions\/8120"}],"wp:featuredmedia":[{"embeddable":true,"href":"https:\/\/blogsaverroes.juntadeandalucia.es\/ceipmaestrateresamorales\/wp-json\/wp\/v2\/media\/8119"}],"wp:attachment":[{"href":"https:\/\/blogsaverroes.juntadeandalucia.es\/ceipmaestrateresamorales\/wp-json\/wp\/v2\/media?parent=8116"}],"wp:term":[{"taxonomy":"category","embeddable":true,"href":"https:\/\/blogsaverroes.juntadeandalucia.es\/ceipmaestrateresamorales\/wp-json\/wp\/v2\/categories?post=8116"},{"taxonomy":"post_tag","embeddable":true,"href":"https:\/\/blogsaverroes.juntadeandalucia.es\/ceipmaestrateresamorales\/wp-json\/wp\/v2\/tags?post=8116"}],"curies":[{"name":"wp","href":"https:\/\/api.w.org\/{rel}","templated":true}]}}