{"id":2972,"date":"2025-03-02T09:54:15","date_gmt":"2025-03-02T08:54:15","guid":{"rendered":"https:\/\/blogsaverroes.juntadeandalucia.es\/ceipmaestroantoniorodriguez\/?p=2972"},"modified":"2025-06-12T16:13:20","modified_gmt":"2025-06-12T15:13:20","slug":"carnaval-ceip-mar-2025","status":"publish","type":"post","link":"https:\/\/blogsaverroes.juntadeandalucia.es\/ceipmaestroantoniorodriguez\/carnaval-ceip-mar-2025\/","title":{"rendered":"CARNAVAL CEIP MAR 2025"},"content":{"rendered":"<p>[et_pb_section fb_built=&#8221;1&#8243; admin_label=&#8221;section&#8221; _builder_version=&#8221;4.16&#8243; global_colors_info=&#8221;{}&#8221;][et_pb_row admin_label=&#8221;row&#8221; _builder_version=&#8221;4.16&#8243; background_size=&#8221;initial&#8221; background_position=&#8221;top_left&#8221; background_repeat=&#8221;repeat&#8221; global_colors_info=&#8221;{}&#8221;][et_pb_column type=&#8221;4_4&#8243; _builder_version=&#8221;4.16&#8243; custom_padding=&#8221;|||&#8221; global_colors_info=&#8221;{}&#8221; custom_padding__hover=&#8221;|||&#8221;][et_pb_text _builder_version=&#8221;4.16&#8243; _module_preset=&#8221;default&#8221; global_colors_info=&#8221;{}&#8221;]<\/p>\n<p><span style=\"font-size: x-large\"><strong>CARNAVAL CEIP MAR &#8211; 7 DE MARZO<\/strong><\/span><\/p>\n<p>El pr\u00f3ximo viernes <strong>7 de marzo, a las 9:00\/9:30h<\/strong>, celebramos el carnaval con nuestro t\u00edpico <strong>pasacalles<\/strong>.<\/p>\n<p>Este a\u00f1o, el CEIP M.A.R. se disfraza sobre personajes de c\u00f3mics: H\u00e9roes y heroinas, Mafalda, Ast\u00e9rix y Ob\u00e9lix, Popeye y Olivia, Goku&#8230;<\/p>\n<p>Acomp\u00e1\u00f1anos por las calles de nuestro barrio en esta divertida fiesta y d\u00f3nde lo pasaremos genial.<\/p>\n<p>A continuaci\u00f3n, os dejamos el recorrido que realizaremos en nuestro pasacalles. <strong>En color rojo est\u00e1 el recorrido de Infantil. De color verde est\u00e1 el recorrido de Primaria<\/strong><\/p>\n<p><span style=\"font-size: 18px\"><\/span><\/p>\n<p><span style=\"font-size: 18px\"><\/span><\/p>\n<p>[\/et_pb_text][et_pb_image src=&#8221;https:\/\/blogsaverroes.juntadeandalucia.es\/ceipmaestroantoniorodriguez\/files\/2025\/03\/Recorrido-primaria-1.jpg&#8221; title_text=&#8221;Recorrido primaria&#8221; _builder_version=&#8221;4.24.2&#8243; _module_preset=&#8221;default&#8221; custom_margin=&#8221;-34px|||||&#8221; global_colors_info=&#8221;{}&#8221;][\/et_pb_image][et_pb_image src=&#8221;https:\/\/blogsaverroes.juntadeandalucia.es\/ceipmaestroantoniorodriguez\/files\/2025\/03\/Recorrido-Infantil.jpg&#8221; title_text=&#8221;Recorrido Infantil&#8221; _builder_version=&#8221;4.24.2&#8243; _module_preset=&#8221;default&#8221; global_colors_info=&#8221;{}&#8221;][\/et_pb_image][et_pb_image src=&#8221;https:\/\/blogsaverroes.juntadeandalucia.es\/ceipmaestroantoniorodriguez\/files\/2024\/02\/CEIP-MAESTRO-ANTONIO-RODRIGUEZ-JIMENEZ.png&#8221; title_text=&#8221;CEIP MAESTRO ANTONIO RODR\u00cdGUEZ JIM\u00c9NEZ&#8221; _builder_version=&#8221;4.24.2&#8243; _module_preset=&#8221;default&#8221; global_colors_info=&#8221;{}&#8221;][\/et_pb_image][\/et_pb_column][\/et_pb_row][\/et_pb_section]<\/p>\n","protected":false},"excerpt":{"rendered":"<p>CARNAVAL CEIP MAR &#8211; 7 DE MARZO El pr\u00f3ximo viernes 7 de marzo, a las 9:00\/9:30h, celebramos el carnaval con nuestro t\u00edpico pasacalles. Este a\u00f1o, el CEIP M.A.R. se disfraza sobre personajes de c\u00f3mics: H\u00e9roes y heroinas, Mafalda, Ast\u00e9rix y Ob\u00e9lix, Popeye y Olivia, Goku&#8230; Acomp\u00e1\u00f1anos por las calles de nuestro barrio en esta divertida [&hellip;]<\/p>\n","protected":false},"author":12376,"featured_media":4391,"comment_status":"closed","ping_status":"open","sticky":false,"template":"","format":"standard","meta":{"_et_pb_use_builder":"on","_et_pb_old_content":"","_et_gb_content_width":"","ngg_post_thumbnail":0,"footnotes":""},"categories":[35,36,37,39,38,3,1],"tags":[],"aioseo_notices":[],"_links":{"self":[{"href":"https:\/\/blogsaverroes.juntadeandalucia.es\/ceipmaestroantoniorodriguez\/wp-json\/wp\/v2\/posts\/2972"}],"collection":[{"href":"https:\/\/blogsaverroes.juntadeandalucia.es\/ceipmaestroantoniorodriguez\/wp-json\/wp\/v2\/posts"}],"about":[{"href":"https:\/\/blogsaverroes.juntadeandalucia.es\/ceipmaestroantoniorodriguez\/wp-json\/wp\/v2\/types\/post"}],"author":[{"embeddable":true,"href":"https:\/\/blogsaverroes.juntadeandalucia.es\/ceipmaestroantoniorodriguez\/wp-json\/wp\/v2\/users\/12376"}],"replies":[{"embeddable":true,"href":"https:\/\/blogsaverroes.juntadeandalucia.es\/ceipmaestroantoniorodriguez\/wp-json\/wp\/v2\/comments?post=2972"}],"version-history":[{"count":7,"href":"https:\/\/blogsaverroes.juntadeandalucia.es\/ceipmaestroantoniorodriguez\/wp-json\/wp\/v2\/posts\/2972\/revisions"}],"predecessor-version":[{"id":4405,"href":"https:\/\/blogsaverroes.juntadeandalucia.es\/ceipmaestroantoniorodriguez\/wp-json\/wp\/v2\/posts\/2972\/revisions\/4405"}],"wp:featuredmedia":[{"embeddable":true,"href":"https:\/\/blogsaverroes.juntadeandalucia.es\/ceipmaestroantoniorodriguez\/wp-json\/wp\/v2\/media\/4391"}],"wp:attachment":[{"href":"https:\/\/blogsaverroes.juntadeandalucia.es\/ceipmaestroantoniorodriguez\/wp-json\/wp\/v2\/media?parent=2972"}],"wp:term":[{"taxonomy":"category","embeddable":true,"href":"https:\/\/blogsaverroes.juntadeandalucia.es\/ceipmaestroantoniorodriguez\/wp-json\/wp\/v2\/categories?post=2972"},{"taxonomy":"post_tag","embeddable":true,"href":"https:\/\/blogsaverroes.juntadeandalucia.es\/ceipmaestroantoniorodriguez\/wp-json\/wp\/v2\/tags?post=2972"}],"curies":[{"name":"wp","href":"https:\/\/api.w.org\/{rel}","templated":true}]}}