{"id":1593,"date":"2024-09-09T17:26:24","date_gmt":"2024-09-09T16:26:24","guid":{"rendered":"https:\/\/blogsaverroes.juntadeandalucia.es\/ceipmaestropepegonzalez\/?p=1593"},"modified":"2024-09-09T17:26:24","modified_gmt":"2024-09-09T16:26:24","slug":"ya-estamos-de-vuelta","status":"publish","type":"post","link":"https:\/\/blogsaverroes.juntadeandalucia.es\/ceipmaestropepegonzalez\/ya-estamos-de-vuelta\/","title":{"rendered":"\u00a1YA ESTAMOS DE VUELTA!"},"content":{"rendered":"<p>Tras el periodo de vacaciones, volvemos con las pilas m\u00e1s cargadas que nunca.<\/p>\n<p>Os invitamos a todas las familias a un acto que tendr\u00e1 lugar el pr\u00f3ximo martes 10 a las 12h.<\/p>\n<p>\u00a1No pod\u00e9is faltar!<\/p>\n<p><img loading=\"lazy\" decoding=\"async\" class=\"size-medium wp-image-1595 aligncenter\" src=\"https:\/\/blogsaverroes.juntadeandalucia.es\/ceipmaestropepegonzalez\/files\/2024\/09\/Captura-225x300.png\" alt=\"\" width=\"225\" height=\"300\" srcset=\"https:\/\/blogsaverroes.juntadeandalucia.es\/ceipmaestropepegonzalez\/files\/2024\/09\/Captura-225x300.png 225w, https:\/\/blogsaverroes.juntadeandalucia.es\/ceipmaestropepegonzalez\/files\/2024\/09\/Captura.png 660w\" sizes=\"(max-width: 225px) 100vw, 225px\" \/><\/p>\n","protected":false},"excerpt":{"rendered":"<p>Tras el periodo de vacaciones, volvemos con las pilas m\u00e1s cargadas que nunca. Os invitamos a todas las familias a un acto que tendr\u00e1 lugar el pr\u00f3ximo martes 10 a las 12h. \u00a1No pod\u00e9is&#46;&#46;&#46;<\/p>\n","protected":false},"author":19118,"featured_media":0,"comment_status":"closed","ping_status":"open","sticky":false,"template":"","format":"standard","meta":{"ngg_post_thumbnail":0,"footnotes":""},"categories":[10,27,28,29,26],"tags":[],"aioseo_notices":[],"_links":{"self":[{"href":"https:\/\/blogsaverroes.juntadeandalucia.es\/ceipmaestropepegonzalez\/wp-json\/wp\/v2\/posts\/1593"}],"collection":[{"href":"https:\/\/blogsaverroes.juntadeandalucia.es\/ceipmaestropepegonzalez\/wp-json\/wp\/v2\/posts"}],"about":[{"href":"https:\/\/blogsaverroes.juntadeandalucia.es\/ceipmaestropepegonzalez\/wp-json\/wp\/v2\/types\/post"}],"author":[{"embeddable":true,"href":"https:\/\/blogsaverroes.juntadeandalucia.es\/ceipmaestropepegonzalez\/wp-json\/wp\/v2\/users\/19118"}],"replies":[{"embeddable":true,"href":"https:\/\/blogsaverroes.juntadeandalucia.es\/ceipmaestropepegonzalez\/wp-json\/wp\/v2\/comments?post=1593"}],"version-history":[{"count":1,"href":"https:\/\/blogsaverroes.juntadeandalucia.es\/ceipmaestropepegonzalez\/wp-json\/wp\/v2\/posts\/1593\/revisions"}],"predecessor-version":[{"id":1596,"href":"https:\/\/blogsaverroes.juntadeandalucia.es\/ceipmaestropepegonzalez\/wp-json\/wp\/v2\/posts\/1593\/revisions\/1596"}],"wp:attachment":[{"href":"https:\/\/blogsaverroes.juntadeandalucia.es\/ceipmaestropepegonzalez\/wp-json\/wp\/v2\/media?parent=1593"}],"wp:term":[{"taxonomy":"category","embeddable":true,"href":"https:\/\/blogsaverroes.juntadeandalucia.es\/ceipmaestropepegonzalez\/wp-json\/wp\/v2\/categories?post=1593"},{"taxonomy":"post_tag","embeddable":true,"href":"https:\/\/blogsaverroes.juntadeandalucia.es\/ceipmaestropepegonzalez\/wp-json\/wp\/v2\/tags?post=1593"}],"curies":[{"name":"wp","href":"https:\/\/api.w.org\/{rel}","templated":true}]}}