{"id":2177,"date":"2026-01-15T09:39:52","date_gmt":"2026-01-15T08:39:52","guid":{"rendered":"https:\/\/blogsaverroes.juntadeandalucia.es\/ceipmaestropepegonzalez\/?p=2177"},"modified":"2026-01-15T09:39:52","modified_gmt":"2026-01-15T08:39:52","slug":"nuestros-mejores-deseos","status":"publish","type":"post","link":"https:\/\/blogsaverroes.juntadeandalucia.es\/ceipmaestropepegonzalez\/nuestros-mejores-deseos\/","title":{"rendered":"Nuestros mejores deseos"},"content":{"rendered":"<p>As\u00ed cerraba el claustro del cole con broche de oro el primer trimestre, lleno de logros y momentos inolvidables. Nos desped\u00edamos con la ilusi\u00f3n de la Navidad en el aire y el coraz\u00f3n lleno de gratitud. A nuestros querido alumnado y a todas las familias,les dese\u00e1bamos unas felices vacaciones, llenas de descanso, amor y alegr\u00eda. Regresar\u00edamos en enero, con las pilas cargadas y listos para seguir creciendo y aprendiendo juntos.&nbsp;<br \/>\nFeliz Navidad y Feliz Pr\u00f3spero A\u00f1o Nuevo<\/p>\n<p><img loading=\"lazy\" decoding=\"async\" class=\"size-medium wp-image-2178 aligncenter\" src=\"https:\/\/blogsaverroes.juntadeandalucia.es\/ceipmaestropepegonzalez\/files\/2026\/01\/ahaetrhaqer-237x300.png\" alt=\"\" width=\"237\" height=\"300\" srcset=\"https:\/\/blogsaverroes.juntadeandalucia.es\/ceipmaestropepegonzalez\/files\/2026\/01\/ahaetrhaqer-237x300.png 237w, https:\/\/blogsaverroes.juntadeandalucia.es\/ceipmaestropepegonzalez\/files\/2026\/01\/ahaetrhaqer.png 468w\" sizes=\"(max-width: 237px) 100vw, 237px\" \/><\/p>\n<p>Mira la publicaci\u00f3n completa en nuestro perfil de Instagram:&nbsp;<a href=\"https:\/\/www.instagram.com\/reel\/DSccgsKjIXW\/?utm_source=ig_web_copy_link&amp;igsh=MzRlODBiNWFlZA==\">https:\/\/www.instagram.com\/reel\/DSccgsKjIXW\/?utm_source=ig_web_copy_link&amp;igsh=MzRlODBiNWFlZA==<\/a><\/p>\n","protected":false},"excerpt":{"rendered":"<p>As\u00ed cerraba el claustro del cole con broche de oro el primer trimestre, lleno de logros y momentos inolvidables. Nos desped\u00edamos con la ilusi\u00f3n de la Navidad en el aire y el coraz\u00f3n lleno&#46;&#46;&#46;<\/p>\n","protected":false},"author":19118,"featured_media":0,"comment_status":"closed","ping_status":"open","sticky":false,"template":"","format":"standard","meta":{"ngg_post_thumbnail":0,"footnotes":""},"categories":[10],"tags":[],"aioseo_notices":[],"_links":{"self":[{"href":"https:\/\/blogsaverroes.juntadeandalucia.es\/ceipmaestropepegonzalez\/wp-json\/wp\/v2\/posts\/2177"}],"collection":[{"href":"https:\/\/blogsaverroes.juntadeandalucia.es\/ceipmaestropepegonzalez\/wp-json\/wp\/v2\/posts"}],"about":[{"href":"https:\/\/blogsaverroes.juntadeandalucia.es\/ceipmaestropepegonzalez\/wp-json\/wp\/v2\/types\/post"}],"author":[{"embeddable":true,"href":"https:\/\/blogsaverroes.juntadeandalucia.es\/ceipmaestropepegonzalez\/wp-json\/wp\/v2\/users\/19118"}],"replies":[{"embeddable":true,"href":"https:\/\/blogsaverroes.juntadeandalucia.es\/ceipmaestropepegonzalez\/wp-json\/wp\/v2\/comments?post=2177"}],"version-history":[{"count":2,"href":"https:\/\/blogsaverroes.juntadeandalucia.es\/ceipmaestropepegonzalez\/wp-json\/wp\/v2\/posts\/2177\/revisions"}],"predecessor-version":[{"id":2180,"href":"https:\/\/blogsaverroes.juntadeandalucia.es\/ceipmaestropepegonzalez\/wp-json\/wp\/v2\/posts\/2177\/revisions\/2180"}],"wp:attachment":[{"href":"https:\/\/blogsaverroes.juntadeandalucia.es\/ceipmaestropepegonzalez\/wp-json\/wp\/v2\/media?parent=2177"}],"wp:term":[{"taxonomy":"category","embeddable":true,"href":"https:\/\/blogsaverroes.juntadeandalucia.es\/ceipmaestropepegonzalez\/wp-json\/wp\/v2\/categories?post=2177"},{"taxonomy":"post_tag","embeddable":true,"href":"https:\/\/blogsaverroes.juntadeandalucia.es\/ceipmaestropepegonzalez\/wp-json\/wp\/v2\/tags?post=2177"}],"curies":[{"name":"wp","href":"https:\/\/api.w.org\/{rel}","templated":true}]}}