{"id":2430,"date":"2018-11-18T09:22:00","date_gmt":"2018-11-18T09:22:00","guid":{"rendered":"https:\/\/blogsaverroes.juntadeandalucia.es\/ceipmanuelcanela\/2018\/11\/18\/visitamos-el-real-alcazar-de-sevilla\/"},"modified":"2018-11-18T09:22:00","modified_gmt":"2018-11-18T09:22:00","slug":"visitamos-el-real-alcazar-de-sevilla","status":"publish","type":"post","link":"https:\/\/blogsaverroes.juntadeandalucia.es\/ceipmanuelcanela\/2018\/11\/18\/visitamos-el-real-alcazar-de-sevilla\/","title":{"rendered":"VISITAMOS EL REAL ALC\u00c1ZAR DE SEVILLA"},"content":{"rendered":"<div>\n<div style=\"margin-bottom: .0001pt;margin: 0cm;text-align: justify\">\n<div style=\"margin: 0cm 0cm 0.0001pt\"><span style=\"font-size: 13.5pt\">El pasado viernes d\u00eda 16 de noviembre los alumnos y las alumnas de 5\u00ba de primaria fuimos a visitar el&nbsp;<i>Real Alc\u00e1zar de Sevilla.&nbsp;<\/i>Un palacio fortificado compuesto por zonas construidas en diferentes etapas hist\u00f3ricas.&nbsp;<\/span><\/div>\n<div style=\"margin: 0cm 0cm 0.0001pt;text-align: start\"><\/div>\n<div align=\"center\" style=\"margin: 0cm 0cm 0.0001pt;text-align: center\"><img decoding=\"async\" alt=\"Real Alc\u00c3\u00a1zar, Patio de las Doncellas.jpg\" src=\"https:\/\/upload.wikimedia.org\/wikipedia\/commons\/thumb\/0\/0d\/Real_Alc%C3%A1zar%2C_Patio_de_las_Doncellas.jpg\/300px-Real_Alc%C3%A1zar%2C_Patio_de_las_Doncellas.jpg\" \/><\/div>\n<div style=\"margin-bottom: .0001pt;margin: 0cm\"><\/div>\n<div style=\"margin: 0cm 0cm 0.0001pt\"><span style=\"color: #222222;font-size: 13.5pt\">Durante la visita hemos aprendido muchas cosas interesantes y, adem\u00e1s, algunas curiosidades como, por ejemplo: es la residencia de los miembros de la Familia Real Espa\u00f1ola cuando visitan Sevilla, es el palacio real en uso m\u00e1s antiguo de Europa, la UNESCO lo declar\u00f3 Patrimonio de la Humanidad en el a\u00f1o 1987 y en 2017 recibi\u00f3 1.799.465 visitantes convirti\u00e9ndolo en el sexto monumento m\u00e1s visitado de Espa\u00f1a.&nbsp;<\/span><span style=\"color: #222222;font-size: 13.5pt\"><\/span><\/div>\n<div style=\"margin: 0cm 0cm 0.0001pt\"><span style=\"color: #222222;font-size: 13.5pt\"><br \/><\/span><span style=\"color: #222222;font-size: 13.5pt\">Os dejamos algunas im\u00e1genes de la visita:<\/span><\/div>\n<\/div>\n<\/div>\n<div><\/p>\n<div style=\"clear: both;text-align: center\"><object height=\"266\" width=\"320\"><\/object><\/div>\n<p><\/div>\n<div><\/div>\n<div><\/div>\n","protected":false},"excerpt":{"rendered":"<p>El pasado viernes d\u00eda 16 de noviembre los alumnos y las alumnas de 5\u00ba de primaria fuimos a visitar el&nbsp;Real Alc\u00e1zar de Sevilla.&nbsp;Un palacio fortificado compuesto por zonas construidas en diferentes etapas hist\u00f3ricas.&nbsp; Durante la visita hemos aprendido muchas cosas interesantes y, adem\u00e1s, algunas curiosidades como, por ejemplo: es la residencia de los miembros de [&hellip;]<\/p>\n","protected":false},"author":8707,"featured_media":0,"comment_status":"open","ping_status":"open","sticky":false,"template":"","format":"standard","meta":{"ngg_post_thumbnail":0,"footnotes":""},"categories":[526],"tags":[],"aioseo_notices":[],"_links":{"self":[{"href":"https:\/\/blogsaverroes.juntadeandalucia.es\/ceipmanuelcanela\/wp-json\/wp\/v2\/posts\/2430"}],"collection":[{"href":"https:\/\/blogsaverroes.juntadeandalucia.es\/ceipmanuelcanela\/wp-json\/wp\/v2\/posts"}],"about":[{"href":"https:\/\/blogsaverroes.juntadeandalucia.es\/ceipmanuelcanela\/wp-json\/wp\/v2\/types\/post"}],"author":[{"embeddable":true,"href":"https:\/\/blogsaverroes.juntadeandalucia.es\/ceipmanuelcanela\/wp-json\/wp\/v2\/users\/8707"}],"replies":[{"embeddable":true,"href":"https:\/\/blogsaverroes.juntadeandalucia.es\/ceipmanuelcanela\/wp-json\/wp\/v2\/comments?post=2430"}],"version-history":[{"count":0,"href":"https:\/\/blogsaverroes.juntadeandalucia.es\/ceipmanuelcanela\/wp-json\/wp\/v2\/posts\/2430\/revisions"}],"wp:attachment":[{"href":"https:\/\/blogsaverroes.juntadeandalucia.es\/ceipmanuelcanela\/wp-json\/wp\/v2\/media?parent=2430"}],"wp:term":[{"taxonomy":"category","embeddable":true,"href":"https:\/\/blogsaverroes.juntadeandalucia.es\/ceipmanuelcanela\/wp-json\/wp\/v2\/categories?post=2430"},{"taxonomy":"post_tag","embeddable":true,"href":"https:\/\/blogsaverroes.juntadeandalucia.es\/ceipmanuelcanela\/wp-json\/wp\/v2\/tags?post=2430"}],"curies":[{"name":"wp","href":"https:\/\/api.w.org\/{rel}","templated":true}]}}