{"id":2927,"date":"2012-03-01T18:40:00","date_gmt":"2012-03-01T18:40:00","guid":{"rendered":"https:\/\/blogsaverroes.juntadeandalucia.es\/ceipmanuelcanela\/2012\/03\/01\/sacale-partido-al-cole-sevilla-fc\/"},"modified":"2012-03-01T18:40:00","modified_gmt":"2012-03-01T18:40:00","slug":"sacale-partido-al-cole-sevilla-fc","status":"publish","type":"post","link":"https:\/\/blogsaverroes.juntadeandalucia.es\/ceipmanuelcanela\/2012\/03\/01\/sacale-partido-al-cole-sevilla-fc\/","title":{"rendered":"\u00a1S\u00e1cale partido al cole!. Sevilla FC"},"content":{"rendered":"<div style=\"text-align: justify\">En el d\u00eda de hoy, el alumnado de nuestro centro ha disfrutado de lo lindo con las actividades sobre los valores de formaci\u00f3n, educaci\u00f3n, alimentaci\u00f3n, deporte y tolerancia, que la Fundaci\u00f3n Sevilla FC ha dise\u00f1ado para ellos dentro del 8\u00ba  Programa Escolar \u00a1S\u00e1cale partido al cole!.<\/div>\n<div style=\"text-align: justify\">El evento, solicitado por el AMPA \u00cdtaca, estuvo lleno de juegos y sorpresas. La culminaci\u00f3n del evento fue poder ver de cerca a los jugadores del Sevilla FC,&nbsp;Reyes y Perotti, y al Sr. Presidente del club D. Jos\u00e9 Mar\u00eda del Nido.<br \/>El Sevilla FC entreg\u00f3 una placa conmemorativa al Director del centro D. Juan Manuel Valero por la participaci\u00f3n en el proyecto educativo, y un diploma por su trayectoria profesional a D\u00f1a. M\u00aa Carmen G\u00f3mez, qui\u00e9n se emocion\u00f3 cuando todo el alumnado core\u00f3 su nombre. Tambi\u00e9n se premi\u00f3 a los ganadores de los concursos de dibujo y redacci\u00f3n, as\u00ed como al alumno m\u00e1s brillante del centro en todos los \u00e1mbitos (Miguel \u00c1ngel Requena). Todo el alumnado que pudo asistir al evento en el Sal\u00f3n de Usos m\u00faltiples obtuvo distintos obsequios y regalos.<\/div>\n<div style=\"text-align: justify\"><\/div>\n<div style=\"clear: both;text-align: center\"><object height=\"355\" width=\"425\"><param name=\"movie\" value=\"http:\/\/static.slidesharecdn.com\/swf\/ssplayer2.swf?doc=sevillafc-120301123440-phpapp01&amp;stripped_title=sevilla-fc-11820559&amp;userName=carloscl1977\" \/><param name=\"allowFullScreen\" value=\"true\" \/><param name=\"allowScriptAccess\" value=\"always\" \/><param name=\"wmode\" value=\"transparent\" \/><embed src=\"http:\/\/static.slidesharecdn.com\/swf\/ssplayer2.swf?doc=sevillafc-120301123440-phpapp01&amp;stripped_title=sevilla-fc-11820559&amp;userName=carloscl1977\" type=\"application\/x-shockwave-flash\" allowscriptaccess=\"always\" allowfullscreen=\"true\" wmode=\"transparent\" width=\"425\" height=\"355\"><\/embed><\/object><\/div>\n<div style=\"clear: both;text-align: center\"><\/div>\n<div style=\"clear: both;text-align: justify\">El CEIP Manuel quiere agradecer al Sevilla FC por las actividades realizadas, as\u00ed como por la colaboraci\u00f3n prestada en la organizaci\u00f3n del centro, y especialmente al AMPA \u00cdtaca, quienes solicitaron la actividad y estuvieron ayudando en la organizaci\u00f3n del alumnado durante todo la jornada escolar, adem\u00e1s de la organizaci\u00f3n del comedor, que fue desmontado y montado en tiempo r\u00e9cord. M\u00e1s informaci\u00f3n, <span style=\"color: red\"><a href=\"http:\/\/www.sevillafc.es\/nuevaweb\/actualidad\/noticias\/24036\/el-presidente-perotti-y-reyes-celebran-una-nueva-edicion-de-sacale-partido-al-cole\" target=\"_blank\" rel=\"noopener noreferrer\">AQU\u00cd.<\/a><\/span><\/div>\n<div style=\"clear: both;text-align: justify\"><\/div>\n<div style=\"clear: both;text-align: justify\"><\/div>\n<div style=\"clear: both;text-align: justify\"><\/div>\n<div style=\"text-align: center\">  <object height=\"296\" width=\"445\"><param name=\"movie\" value=\"http:\/\/photopeach.com\/public\/swf\/story.swf\"><\/param><param name=\"allowscriptaccess\" value=\"always\" \/><param name=\"allowfullscreen\" value=\"true\" \/><param name=\"flashvars\" value=\"photos=http:\/\/photopeach.com%2Fapi%2Fgetphotos%3Falbum_id%3D17154et&amp;autoplay=0&amp;embed=1\" \/><embed src=\"http:\/\/photopeach.com\/public\/swf\/story.swf\" type=\"application\/x-shockwave-flash\" allowscriptaccess=\"always\" allowfullscreen=\"true\" width=\"445\" height=\"296\" flashvars=\"photos=http:\/\/photopeach.com%2Fapi%2Fgetphotos%3Falbum_id%3D17154et&amp;autoplay=0&amp;embed=1\"><\/embed><\/object>         <\/div>\n<div style=\"text-align: center\"><object height=\"296\" width=\"445\"><param name=\"movie\" value=\"http:\/\/photopeach.com\/public\/swf\/story.swf\"><\/param><param name=\"allowscriptaccess\" value=\"always\" \/><param name=\"allowfullscreen\" value=\"true\" \/><param name=\"flashvars\" value=\"photos=http:\/\/photopeach.com%2Fapi%2Fgetphotos%3Falbum_id%3Ddv8opl&amp;autoplay=0&amp;embed=1\" \/><embed src=\"http:\/\/photopeach.com\/public\/swf\/story.swf\" type=\"application\/x-shockwave-flash\" allowscriptaccess=\"always\" allowfullscreen=\"true\" width=\"445\" height=\"296\" flashvars=\"photos=http:\/\/photopeach.com%2Fapi%2Fgetphotos%3Falbum_id%3Ddv8opl&amp;autoplay=0&amp;embed=1\"><\/embed><\/object><\/div>\n","protected":false},"excerpt":{"rendered":"<p>En el d\u00eda de hoy, el alumnado de nuestro centro ha disfrutado de lo lindo con las actividades sobre los valores de formaci\u00f3n, educaci\u00f3n, alimentaci\u00f3n, deporte y tolerancia, que la Fundaci\u00f3n Sevilla FC ha dise\u00f1ado para ellos dentro del 8\u00ba Programa Escolar \u00a1S\u00e1cale partido al cole!. El evento, solicitado por el AMPA \u00cdtaca, estuvo lleno [&hellip;]<\/p>\n","protected":false},"author":8707,"featured_media":0,"comment_status":"open","ping_status":"open","sticky":false,"template":"","format":"standard","meta":{"ngg_post_thumbnail":0,"footnotes":""},"categories":[526],"tags":[],"aioseo_notices":[],"_links":{"self":[{"href":"https:\/\/blogsaverroes.juntadeandalucia.es\/ceipmanuelcanela\/wp-json\/wp\/v2\/posts\/2927"}],"collection":[{"href":"https:\/\/blogsaverroes.juntadeandalucia.es\/ceipmanuelcanela\/wp-json\/wp\/v2\/posts"}],"about":[{"href":"https:\/\/blogsaverroes.juntadeandalucia.es\/ceipmanuelcanela\/wp-json\/wp\/v2\/types\/post"}],"author":[{"embeddable":true,"href":"https:\/\/blogsaverroes.juntadeandalucia.es\/ceipmanuelcanela\/wp-json\/wp\/v2\/users\/8707"}],"replies":[{"embeddable":true,"href":"https:\/\/blogsaverroes.juntadeandalucia.es\/ceipmanuelcanela\/wp-json\/wp\/v2\/comments?post=2927"}],"version-history":[{"count":0,"href":"https:\/\/blogsaverroes.juntadeandalucia.es\/ceipmanuelcanela\/wp-json\/wp\/v2\/posts\/2927\/revisions"}],"wp:attachment":[{"href":"https:\/\/blogsaverroes.juntadeandalucia.es\/ceipmanuelcanela\/wp-json\/wp\/v2\/media?parent=2927"}],"wp:term":[{"taxonomy":"category","embeddable":true,"href":"https:\/\/blogsaverroes.juntadeandalucia.es\/ceipmanuelcanela\/wp-json\/wp\/v2\/categories?post=2927"},{"taxonomy":"post_tag","embeddable":true,"href":"https:\/\/blogsaverroes.juntadeandalucia.es\/ceipmanuelcanela\/wp-json\/wp\/v2\/tags?post=2927"}],"curies":[{"name":"wp","href":"https:\/\/api.w.org\/{rel}","templated":true}]}}