{"id":6644,"date":"2023-06-21T09:52:52","date_gmt":"2023-06-21T09:52:52","guid":{"rendered":"https:\/\/blogsaverroes.juntadeandalucia.es\/ceipmanuelcanela\/?p=6644"},"modified":"2023-06-21T09:58:15","modified_gmt":"2023-06-21T09:58:15","slug":"apadrinamiento-lector","status":"publish","type":"post","link":"https:\/\/blogsaverroes.juntadeandalucia.es\/ceipmanuelcanela\/2023\/06\/21\/apadrinamiento-lector\/","title":{"rendered":"APADRINAMIENTO LECTOR"},"content":{"rendered":"<p style=\"text-align: justify\">Buenos d\u00edas,<br \/>\nDurante el segundo trimestre, nuestro alumnado de 3\u00ba, 4\u00ba, 5\u00ba y 6\u00ba han ido cada dos semanas a leer un cuento a los cursos inferiores. Cada pareja se ha ido repitiendo cada vez que se ha realizado la actividad de lectura, por lo que han creado una uni\u00f3n muy especial como padrinos y madrinas de ese alumnado.<\/p>\n<p style=\"text-align: justify\">Para terminar el trimestre y con motivo del d\u00eda internacional del cuento infantil (2 de Abril), se realiz\u00f3 la lectura en el patio de todo el alumnado a la vez. Despu\u00e9s, hemos pintado nuestras manos con pintura y cada pareja ha puesto las suyas juntas, como s\u00edmbolo de ese apadrinamiento.<\/p>\n<p style=\"text-align: justify\">\u00a1Muchas gracias a todo nuestro alumnado participante por ense\u00f1ar a los canelitos m\u00e1s peque\u00f1os a amar y a disfrutar la lectura de forma compartida!<\/p>\n<p><iframe loading=\"lazy\" title=\"APADRINAMIENTO LECTOR\" width=\"1170\" height=\"658\" src=\"https:\/\/www.youtube.com\/embed\/stRGndvdyqk?feature=oembed\" frameborder=\"0\" allow=\"accelerometer; autoplay; clipboard-write; encrypted-media; gyroscope; picture-in-picture; web-share\" allowfullscreen><\/iframe><\/p>\n","protected":false},"excerpt":{"rendered":"<p>Buenos d\u00edas, Durante el segundo trimestre, nuestro alumnado de 3\u00ba, 4\u00ba, 5\u00ba y 6\u00ba han ido cada dos semanas a leer un cuento a los cursos inferiores. Cada pareja se ha ido repitiendo cada vez que se ha realizado la actividad de lectura, por lo que han creado una uni\u00f3n muy especial como padrinos y [&hellip;]<\/p>\n","protected":false},"author":8707,"featured_media":0,"comment_status":"closed","ping_status":"open","sticky":false,"template":"","format":"standard","meta":{"ngg_post_thumbnail":0,"footnotes":""},"categories":[2351774,526],"tags":[],"aioseo_notices":[],"_links":{"self":[{"href":"https:\/\/blogsaverroes.juntadeandalucia.es\/ceipmanuelcanela\/wp-json\/wp\/v2\/posts\/6644"}],"collection":[{"href":"https:\/\/blogsaverroes.juntadeandalucia.es\/ceipmanuelcanela\/wp-json\/wp\/v2\/posts"}],"about":[{"href":"https:\/\/blogsaverroes.juntadeandalucia.es\/ceipmanuelcanela\/wp-json\/wp\/v2\/types\/post"}],"author":[{"embeddable":true,"href":"https:\/\/blogsaverroes.juntadeandalucia.es\/ceipmanuelcanela\/wp-json\/wp\/v2\/users\/8707"}],"replies":[{"embeddable":true,"href":"https:\/\/blogsaverroes.juntadeandalucia.es\/ceipmanuelcanela\/wp-json\/wp\/v2\/comments?post=6644"}],"version-history":[{"count":1,"href":"https:\/\/blogsaverroes.juntadeandalucia.es\/ceipmanuelcanela\/wp-json\/wp\/v2\/posts\/6644\/revisions"}],"predecessor-version":[{"id":6645,"href":"https:\/\/blogsaverroes.juntadeandalucia.es\/ceipmanuelcanela\/wp-json\/wp\/v2\/posts\/6644\/revisions\/6645"}],"wp:attachment":[{"href":"https:\/\/blogsaverroes.juntadeandalucia.es\/ceipmanuelcanela\/wp-json\/wp\/v2\/media?parent=6644"}],"wp:term":[{"taxonomy":"category","embeddable":true,"href":"https:\/\/blogsaverroes.juntadeandalucia.es\/ceipmanuelcanela\/wp-json\/wp\/v2\/categories?post=6644"},{"taxonomy":"post_tag","embeddable":true,"href":"https:\/\/blogsaverroes.juntadeandalucia.es\/ceipmanuelcanela\/wp-json\/wp\/v2\/tags?post=6644"}],"curies":[{"name":"wp","href":"https:\/\/api.w.org\/{rel}","templated":true}]}}