{"id":3537,"date":"2024-07-20T00:28:57","date_gmt":"2024-07-19T22:28:57","guid":{"rendered":"https:\/\/blogsaverroes.juntadeandalucia.es\/ceipmanuelcastroorellana\/?p=3537"},"modified":"2024-07-20T00:35:12","modified_gmt":"2024-07-19T22:35:12","slug":"proyecto-aulas-verdes","status":"publish","type":"post","link":"https:\/\/blogsaverroes.juntadeandalucia.es\/ceipmanuelcastroorellana\/proyecto-aulas-verdes\/","title":{"rendered":"PROYECTO AULAS VERDES"},"content":{"rendered":"<p>Os informamos de la finalizaci\u00f3n de los trabajos realizados encuadrados dentro del proyecto de aulas verdes con la que se ha conseguido un nuevo espacio del centro adaptado para la realizaci\u00f3n de actividades al aire libre.<\/p>\n<p>La actuaci\u00f3n ha consistido en la adecuaci\u00f3n de la zona situada en la zona del patio de infantil, colocando cesped artificial y merenderos en dicha zona.<\/p>\n<p>Agradecemos la colaboraci\u00f3n del Ayuntamiento de la localidad en la instalaci\u00f3n de&nbsp;<\/p>\n<p>&nbsp;<\/p>\n<p>&nbsp;<\/p>\n","protected":false},"excerpt":{"rendered":"<p>Os informamos de la finalizaci\u00f3n de los trabajos realizados encuadrados dentro del proyecto de aulas verdes con la que se ha conseguido un nuevo espacio del centro adaptado para la realizaci\u00f3n de actividades al aire libre. La actuaci\u00f3n ha consistido en la adecuaci\u00f3n de la zona situada en la zona del patio de infantil, colocando &hellip; <\/p>\n<p><a class=\"more-link btn\" href=\"https:\/\/blogsaverroes.juntadeandalucia.es\/ceipmanuelcastroorellana\/proyecto-aulas-verdes\/\">Seguir leyendo<\/a><\/p>\n","protected":false},"author":4366,"featured_media":0,"comment_status":"closed","ping_status":"open","sticky":false,"template":"","format":"standard","meta":{"ngg_post_thumbnail":0,"footnotes":""},"categories":[526],"tags":[],"aioseo_notices":[],"post_mailing_queue_ids":[],"_links":{"self":[{"href":"https:\/\/blogsaverroes.juntadeandalucia.es\/ceipmanuelcastroorellana\/wp-json\/wp\/v2\/posts\/3537"}],"collection":[{"href":"https:\/\/blogsaverroes.juntadeandalucia.es\/ceipmanuelcastroorellana\/wp-json\/wp\/v2\/posts"}],"about":[{"href":"https:\/\/blogsaverroes.juntadeandalucia.es\/ceipmanuelcastroorellana\/wp-json\/wp\/v2\/types\/post"}],"author":[{"embeddable":true,"href":"https:\/\/blogsaverroes.juntadeandalucia.es\/ceipmanuelcastroorellana\/wp-json\/wp\/v2\/users\/4366"}],"replies":[{"embeddable":true,"href":"https:\/\/blogsaverroes.juntadeandalucia.es\/ceipmanuelcastroorellana\/wp-json\/wp\/v2\/comments?post=3537"}],"version-history":[{"count":1,"href":"https:\/\/blogsaverroes.juntadeandalucia.es\/ceipmanuelcastroorellana\/wp-json\/wp\/v2\/posts\/3537\/revisions"}],"predecessor-version":[{"id":3538,"href":"https:\/\/blogsaverroes.juntadeandalucia.es\/ceipmanuelcastroorellana\/wp-json\/wp\/v2\/posts\/3537\/revisions\/3538"}],"wp:attachment":[{"href":"https:\/\/blogsaverroes.juntadeandalucia.es\/ceipmanuelcastroorellana\/wp-json\/wp\/v2\/media?parent=3537"}],"wp:term":[{"taxonomy":"category","embeddable":true,"href":"https:\/\/blogsaverroes.juntadeandalucia.es\/ceipmanuelcastroorellana\/wp-json\/wp\/v2\/categories?post=3537"},{"taxonomy":"post_tag","embeddable":true,"href":"https:\/\/blogsaverroes.juntadeandalucia.es\/ceipmanuelcastroorellana\/wp-json\/wp\/v2\/tags?post=3537"}],"curies":[{"name":"wp","href":"https:\/\/api.w.org\/{rel}","templated":true}]}}