{"id":1749,"date":"2026-01-27T06:33:16","date_gmt":"2026-01-27T06:33:16","guid":{"rendered":"http:\/\/blogsaverroes.juntadeandalucia.es\/temahueman\/?p=1749"},"modified":"2026-01-29T11:57:18","modified_gmt":"2026-01-29T11:57:18","slug":"blogsaverroes-y-wordpress","status":"publish","type":"post","link":"https:\/\/blogsaverroes.juntadeandalucia.es\/ceipmanueldefalla\/2026\/01\/27\/blogsaverroes-y-wordpress\/","title":{"rendered":"CEIP Manuel de Falla"},"content":{"rendered":"<p style=\"text-align: justify\">El&nbsp;<strong>CEIP Manuel de Falla&nbsp;<\/strong>se encuentra situado entre unas barriadas muy conocidas dentro de la ciudad de Jerez, estas son la Barriada Nuestra Se\u00f1ora de la Asunci\u00f3n &#8211; Barriada Olivar de Rivero. Su zona de escolarizaci\u00f3n, adem\u00e1s de la citada barriada, incluye: Olivar de Rivero, Barbadillo, Torresblancas, Rotonda de Lola Flores hasta Avenida de Europa y parte de la zona de Chap\u00edn.&nbsp;<\/p>\n<p style=\"text-align: justify\">Nuestro Centro se construy\u00f3 a comienzos de la d\u00e9cada de 1970, contando en aquel momento este equipamiento escolar con un solo edificio, lo que hoy es el edificio principal, y un patio.<\/p>\n<p style=\"text-align: justify\">Con posterioridad, se edificaron dos nuevos edificios en la parte trasera del Centro, la primera, a finales de los setenta, para dar cabida a la Educaci\u00f3n Infantil, y la segunda, a mediados de los ochenta.<img loading=\"lazy\" decoding=\"async\" class=\"size-medium wp-image-2312 aligncenter\" src=\"https:\/\/blogsaverroes.juntadeandalucia.es\/ceipmanueldefalla\/files\/2019\/11\/thumb-300x169.png\" alt=\"\" width=\"300\" height=\"169\" srcset=\"https:\/\/blogsaverroes.juntadeandalucia.es\/ceipmanueldefalla\/files\/2019\/11\/thumb-300x169.png 300w, https:\/\/blogsaverroes.juntadeandalucia.es\/ceipmanueldefalla\/files\/2019\/11\/thumb-24x14.png 24w, https:\/\/blogsaverroes.juntadeandalucia.es\/ceipmanueldefalla\/files\/2019\/11\/thumb-36x20.png 36w, https:\/\/blogsaverroes.juntadeandalucia.es\/ceipmanueldefalla\/files\/2019\/11\/thumb-48x27.png 48w, https:\/\/blogsaverroes.juntadeandalucia.es\/ceipmanueldefalla\/files\/2019\/11\/thumb.png 480w\" sizes=\"(max-width: 300px) 100vw, 300px\" \/><\/p>\n<p style=\"text-align: justify\">En el curso 2015\/16 finaliz\u00f3 la construcci\u00f3n de un nuevo edificio. Este equipamiento consta de cuatro aulas, una sala polivalente (usada como comedor escolar), cocina, dos WC&#8217;s&nbsp;adaptados para discapacitados y una sala de reuniones.<\/p>\n<p style=\"text-align: justify\">Actualmente, el edificio principal alberga al alumnado de la etapa de Educaci\u00f3n Primaria y un aula de Educaci\u00f3n Infantil. Cuenta adem\u00e1s, con un sal\u00f3n de usos m\u00faltiples, local del AMPA, aseos, secretar\u00eda, direcci\u00f3n, jefatura de estudios, biblioteca, almac\u00e9n de Educaci\u00f3n F\u00edsica, departamento de Religi\u00f3n, Ingl\u00e9s y M\u00fasica; espacios para Logopedia y Equipo de Orientaci\u00f3n y aulas de Pedagog\u00eda Terap\u00e9utica.<\/p>\n<p style=\"text-align: justify\">Las aulas de Educaci\u00f3n infantil, a excepci\u00f3n de la que se encuentra ubicada en el edificio principal, est\u00e1n repartidas entre: el edificio de de una planta, el edificio de dos plantas y edificio nuevo.<\/p>\n<p style=\"text-align: center\"><img loading=\"lazy\" decoding=\"async\" class=\"alignnone size-medium wp-image-2314\" src=\"https:\/\/blogsaverroes.juntadeandalucia.es\/ceipmanueldefalla\/files\/2019\/12\/ceipmanueldefallamaps-e1575374030702-300x265.jpg\" alt=\"\" width=\"300\" height=\"265\" srcset=\"https:\/\/blogsaverroes.juntadeandalucia.es\/ceipmanueldefalla\/files\/2019\/12\/ceipmanueldefallamaps-e1575374030702-300x265.jpg 300w, https:\/\/blogsaverroes.juntadeandalucia.es\/ceipmanueldefalla\/files\/2019\/12\/ceipmanueldefallamaps-e1575374030702-24x21.jpg 24w, https:\/\/blogsaverroes.juntadeandalucia.es\/ceipmanueldefalla\/files\/2019\/12\/ceipmanueldefallamaps-e1575374030702-36x32.jpg 36w, https:\/\/blogsaverroes.juntadeandalucia.es\/ceipmanueldefalla\/files\/2019\/12\/ceipmanueldefallamaps-e1575374030702-48x42.jpg 48w, https:\/\/blogsaverroes.juntadeandalucia.es\/ceipmanueldefalla\/files\/2019\/12\/ceipmanueldefallamaps-e1575374030702.jpg 448w\" sizes=\"(max-width: 300px) 100vw, 300px\" \/><\/p>\n<p style=\"text-align: justify\">En lo referente a los espacios de recreo, existe un espacio acotado por una valla para los recreos de Infantil, un patio de tierra y unas pistas deportivas, que incluyen un campo de baloncesto, otro de voleibol y una pista polideportiva de f\u00fatbol &#8211; balonmano<\/p>\n<p style=\"text-align: justify\">Somos Centro TIC y Biling\u00fce y existe una importante dotaci\u00f3n inform\u00e1tica: conexi\u00f3n a Internet en todas las aulas, pantallas digitales en las aulas de Educaci\u00f3n Primaria y ordenadores port\u00e1tiles (carros) para el alumnado de Educaci\u00f3n Primaria.<\/p>\n<p>&nbsp;<\/p>\n<h3 style=\"text-align: center\"><a href=\"https:\/\/blogsaverroes.juntadeandalucia.es\/ceipmanueldefalla\/el-centro-2\/\">Ver datos del CEIP Manuel de Falla<\/a><\/h3>\n","protected":false},"excerpt":{"rendered":"<p>El&nbsp;CEIP Manuel de Falla&nbsp;se encuentra situado entre unas barriadas muy conocidas dentro de la ciudad de Jerez, estas son la Barriada Nuestra Se\u00f1ora de la Asunci\u00f3n &#8211; Barriada Olivar de Rivero. Su zona de&#46;&#46;&#46;<\/p>\n","protected":false},"author":1,"featured_media":2310,"comment_status":"closed","ping_status":"open","sticky":false,"template":"","format":"standard","meta":{"ngg_post_thumbnail":0,"footnotes":""},"categories":[1895243],"tags":[],"aioseo_notices":[],"_links":{"self":[{"href":"https:\/\/blogsaverroes.juntadeandalucia.es\/ceipmanueldefalla\/wp-json\/wp\/v2\/posts\/1749"}],"collection":[{"href":"https:\/\/blogsaverroes.juntadeandalucia.es\/ceipmanueldefalla\/wp-json\/wp\/v2\/posts"}],"about":[{"href":"https:\/\/blogsaverroes.juntadeandalucia.es\/ceipmanueldefalla\/wp-json\/wp\/v2\/types\/post"}],"author":[{"embeddable":true,"href":"https:\/\/blogsaverroes.juntadeandalucia.es\/ceipmanueldefalla\/wp-json\/wp\/v2\/users\/1"}],"replies":[{"embeddable":true,"href":"https:\/\/blogsaverroes.juntadeandalucia.es\/ceipmanueldefalla\/wp-json\/wp\/v2\/comments?post=1749"}],"version-history":[{"count":21,"href":"https:\/\/blogsaverroes.juntadeandalucia.es\/ceipmanueldefalla\/wp-json\/wp\/v2\/posts\/1749\/revisions"}],"predecessor-version":[{"id":2325,"href":"https:\/\/blogsaverroes.juntadeandalucia.es\/ceipmanueldefalla\/wp-json\/wp\/v2\/posts\/1749\/revisions\/2325"}],"wp:featuredmedia":[{"embeddable":true,"href":"https:\/\/blogsaverroes.juntadeandalucia.es\/ceipmanueldefalla\/wp-json\/wp\/v2\/media\/2310"}],"wp:attachment":[{"href":"https:\/\/blogsaverroes.juntadeandalucia.es\/ceipmanueldefalla\/wp-json\/wp\/v2\/media?parent=1749"}],"wp:term":[{"taxonomy":"category","embeddable":true,"href":"https:\/\/blogsaverroes.juntadeandalucia.es\/ceipmanueldefalla\/wp-json\/wp\/v2\/categories?post=1749"},{"taxonomy":"post_tag","embeddable":true,"href":"https:\/\/blogsaverroes.juntadeandalucia.es\/ceipmanueldefalla\/wp-json\/wp\/v2\/tags?post=1749"}],"curies":[{"name":"wp","href":"https:\/\/api.w.org\/{rel}","templated":true}]}}