{"id":2861,"date":"2025-09-25T13:16:09","date_gmt":"2025-09-25T13:16:09","guid":{"rendered":"https:\/\/blogsaverroes.juntadeandalucia.es\/ceipmanueldefalla\/?p=2861"},"modified":"2025-09-26T07:43:08","modified_gmt":"2025-09-26T07:43:08","slug":"tutorial-para-utilizar-ipasen","status":"publish","type":"post","link":"https:\/\/blogsaverroes.juntadeandalucia.es\/ceipmanueldefalla\/2025\/09\/25\/tutorial-para-utilizar-ipasen\/","title":{"rendered":"Tutorial para comenzar a utilizar iPasen"},"content":{"rendered":"<h3 style=\"text-align: center\">iPASEN<\/h3>\n<h5 style=\"text-align: left\"><span style=\"text-decoration: underline\">1.\u00bfC\u00f3mo conseguir el USUARIO y la CONTRASE\u00d1A?<\/span><\/h5>\n<p>Una vez descargada la aplicaci\u00f3n iPASEN,&nbsp; pinchamos en \u00ab<span style=\"color: #008000\"><strong>No tengo acceso<\/strong><\/span>\u00bb y nos pedir\u00e1n una serie de datos:&nbsp;&nbsp;<\/p>\n<p>&#8211; NIF<br \/>\n&#8211; Fecha de nacimiento (de algunos de sus hijos\/as o la suya propia)<br \/>\n&#8211; N\u00famero de tel\u00e9fono m\u00f3vil (deber\u00e1 coincidir con el que se proporcion\u00f3 en la matricula)<\/p>\n<p>Seguidamente recibir\u00e1 por SMS el USUARIO y la CONTRASE\u00d1A.<\/p>\n<p style=\"text-align: center\"><img loading=\"lazy\" decoding=\"async\" class=\"aligncenter wp-image-3141 size-full\" src=\"https:\/\/blogsaverroes.juntadeandalucia.es\/ceipmanueldefalla\/files\/2020\/12\/images.png\" alt=\"\" width=\"179\" height=\"282\"><a href=\"https:\/\/blogsaverroes.juntadeandalucia.es\/ceipmanueldefalla\/files\/2020\/12\/Guia-rapida-acceso-iPASEN_page-0001.jpg\" target=\"_blank\" rel=\"noopener\"><img loading=\"lazy\" decoding=\"async\" class=\"aligncenter wp-image-3142 size-medium\" src=\"https:\/\/blogsaverroes.juntadeandalucia.es\/ceipmanueldefalla\/files\/2020\/12\/Guia-rapida-acceso-iPASEN_page-0001-208x300.jpg\" alt=\"\" width=\"208\" height=\"300\" srcset=\"https:\/\/blogsaverroes.juntadeandalucia.es\/ceipmanueldefalla\/files\/2020\/12\/Guia-rapida-acceso-iPASEN_page-0001-208x300.jpg 208w, https:\/\/blogsaverroes.juntadeandalucia.es\/ceipmanueldefalla\/files\/2020\/12\/Guia-rapida-acceso-iPASEN_page-0001-709x1024.jpg 709w, https:\/\/blogsaverroes.juntadeandalucia.es\/ceipmanueldefalla\/files\/2020\/12\/Guia-rapida-acceso-iPASEN_page-0001-768x1109.jpg 768w, https:\/\/blogsaverroes.juntadeandalucia.es\/ceipmanueldefalla\/files\/2020\/12\/Guia-rapida-acceso-iPASEN_page-0001-1064x1536.jpg 1064w, https:\/\/blogsaverroes.juntadeandalucia.es\/ceipmanueldefalla\/files\/2020\/12\/Guia-rapida-acceso-iPASEN_page-0001.jpg 1108w\" sizes=\"(max-width: 208px) 100vw, 208px\" \/><\/a><\/p>\n<h5><span style=\"text-decoration: underline\">2.\u00bfQu\u00e9 podemos hacer con esta aplicaci\u00f3n?<\/span><\/h5>\n<ul>\n<li>&nbsp;Consulta de las Calificaciones en cualquier materia.<\/li>\n<li>Acceso con el mismo usuario\/contrase\u00f1a que a la aplicaci\u00f3n web PASEN.<\/li>\n<li>Cambio de contrase\u00f1a y acceso a &#8216;Mis datos&#8217; con toda la informaci\u00f3n de usuario relevante para el sistema.<\/li>\n<li>Acceso a la Mensajer\u00eda interna.<\/li>\n<li>Acceso a la Agenda personal.<\/li>\n<li>Consultas de los datos del centro educativo.<\/li>\n<li>Consulta del Calendario escolar oficial.<\/li>\n<li>Consulta del Tabl\u00f3n de anuncios.<\/li>\n<li>Consulta del Horario escolar de sus hijos.<\/li>\n<li>Consulta, justificaci\u00f3n y comunicaci\u00f3n de ausencias de sus hijos.<\/li>\n<li>Consulta de las actividades evaluables, tareas, controles, etc, creados en los Cuadernos de clase del profesorado.<\/li>\n<li>Consulta de las Observaciones que se hayan introducido por parte del profesorado sobre la marcha de sus hijos.<\/li>\n<li>Recepci\u00f3n de Notificaciones enviadas desde S\u00e9neca por ausencias de sus hijos o cualquier otro tipo de mensaje.<\/li>\n<li>Recogida o acceso a los Bolet\u00ednes de las calificaciones en las distintas evaluaciones de forma telem\u00e1tica desde el Punto de Recogida.<\/li>\n<\/ul>\n<p>Esperamos que estas indicaciones os sean de utilidad.<\/p>\n","protected":false},"excerpt":{"rendered":"<p>iPASEN 1.\u00bfC\u00f3mo conseguir el USUARIO y la CONTRASE\u00d1A? Una vez descargada la aplicaci\u00f3n iPASEN,&nbsp; pinchamos en \u00abNo tengo acceso\u00bb y nos pedir\u00e1n una serie de datos:&nbsp;&nbsp; &#8211; NIF &#8211; Fecha de nacimiento (de algunos&#46;&#46;&#46;<\/p>\n","protected":false},"author":7204,"featured_media":3143,"comment_status":"open","ping_status":"open","sticky":false,"template":"","format":"standard","meta":{"ngg_post_thumbnail":0,"footnotes":""},"categories":[19,1895265],"tags":[1895260,1895257],"aioseo_notices":[],"_links":{"self":[{"href":"https:\/\/blogsaverroes.juntadeandalucia.es\/ceipmanueldefalla\/wp-json\/wp\/v2\/posts\/2861"}],"collection":[{"href":"https:\/\/blogsaverroes.juntadeandalucia.es\/ceipmanueldefalla\/wp-json\/wp\/v2\/posts"}],"about":[{"href":"https:\/\/blogsaverroes.juntadeandalucia.es\/ceipmanueldefalla\/wp-json\/wp\/v2\/types\/post"}],"author":[{"embeddable":true,"href":"https:\/\/blogsaverroes.juntadeandalucia.es\/ceipmanueldefalla\/wp-json\/wp\/v2\/users\/7204"}],"replies":[{"embeddable":true,"href":"https:\/\/blogsaverroes.juntadeandalucia.es\/ceipmanueldefalla\/wp-json\/wp\/v2\/comments?post=2861"}],"version-history":[{"count":8,"href":"https:\/\/blogsaverroes.juntadeandalucia.es\/ceipmanueldefalla\/wp-json\/wp\/v2\/posts\/2861\/revisions"}],"predecessor-version":[{"id":3146,"href":"https:\/\/blogsaverroes.juntadeandalucia.es\/ceipmanueldefalla\/wp-json\/wp\/v2\/posts\/2861\/revisions\/3146"}],"wp:featuredmedia":[{"embeddable":true,"href":"https:\/\/blogsaverroes.juntadeandalucia.es\/ceipmanueldefalla\/wp-json\/wp\/v2\/media\/3143"}],"wp:attachment":[{"href":"https:\/\/blogsaverroes.juntadeandalucia.es\/ceipmanueldefalla\/wp-json\/wp\/v2\/media?parent=2861"}],"wp:term":[{"taxonomy":"category","embeddable":true,"href":"https:\/\/blogsaverroes.juntadeandalucia.es\/ceipmanueldefalla\/wp-json\/wp\/v2\/categories?post=2861"},{"taxonomy":"post_tag","embeddable":true,"href":"https:\/\/blogsaverroes.juntadeandalucia.es\/ceipmanueldefalla\/wp-json\/wp\/v2\/tags?post=2861"}],"curies":[{"name":"wp","href":"https:\/\/api.w.org\/{rel}","templated":true}]}}