{"id":2408,"date":"2021-09-07T10:11:13","date_gmt":"2021-09-07T10:11:13","guid":{"rendered":"https:\/\/blogsaverroes.juntadeandalucia.es\/ceipmanuelmedina\/?p=2408"},"modified":"2021-09-08T17:55:29","modified_gmt":"2021-09-08T17:55:29","slug":"protocolo-covid-19","status":"publish","type":"post","link":"https:\/\/blogsaverroes.juntadeandalucia.es\/ceipmanuelmedina\/protocolo-covid-19\/","title":{"rendered":"Protocolo Covid-19"},"content":{"rendered":"<h3 style=\"text-align: center\"><span style=\"color: #0000ff\"><strong>PROTOCOLO COVID-19<\/strong><\/span><\/h3>\n<p>El CEIP. Manuel Medina ha elaborado un Protocolo de actuaci\u00f3n COVID 19 para que los procesos de ense\u00f1anza aprendizaje se desarrollen con seguridad durante el curso escolar 2021\/2022, teniendo en cuenta lo establecido en la presente instrucci\u00f3n y lo que determine la autoridad sanitaria en cada momento, adaptado al contexto espec\u00edfico del centro, conforme se establece en el punto 1 de la instrucci\u00f3n quinta de las Instrucciones de 13 de julio de 2021, de la Viceconsejer\u00eda de Educaci\u00f3n y Deporte, relativas a la organizaci\u00f3n de los centros docentes para el curso escolar 2021\/2022, motivada por la crisis sanitaria del COVID 19.<\/p>\n<p>Aqu\u00ed encontrar\u00e9is con m\u00e1s detalle el protocolo Covid del CEIP. Manuel Medina:<\/p>\n<p><a href=\"https:\/\/blogsaverroes.juntadeandalucia.es\/ceipmanuelmedina\/files\/2020\/09\/PROCOLO-COVID-2021-22.pdf\">PROCOLO COVID 2021-22<\/a><\/p>\n<p>Aqu\u00ed encontrar\u00e9is el protocolo Covid de las actividades extraescolares:&nbsp;<\/p>\n<p><a href=\"https:\/\/blogsaverroes.juntadeandalucia.es\/ceipmanuelmedina\/files\/2021\/01\/PROTOCOLO-COVID-ACTIVIDADES-EXTRAESCOLARES.pdf\">PROTOCOLO COVID ACTIVIDADES EXTRAESCOLARES<\/a><\/p>\n<p>Aqu\u00ed encontrar\u00e9is el protocolo Covid del comedor escolar:&nbsp;<\/p>\n<p><a href=\"https:\/\/blogsaverroes.juntadeandalucia.es\/ceipmanuelmedina\/files\/2021\/01\/PROTOCOLO-COVID-COMEDOR.pdf\">PROTOCOLO COVID COMEDOR<\/a><\/p>\n<p>Y aqu\u00ed encontrar\u00e9is informaciones generales para padres, madres y tutores legales:&nbsp;<\/p>\n<p><a href=\"https:\/\/blogsaverroes.juntadeandalucia.es\/ceipmanuelmedina\/files\/2020\/09\/PROTOCOLO-COVID-PADRES-2021-22.pdf\">PROTOCOLO COVID PADRES 2021-22<\/a><\/p>\n<p>Adem\u00e1s podr\u00e9is encontrar aqu\u00ed unos horarios B en caso de que hubiese confinamiento:&nbsp;<\/p>\n<p><a href=\"https:\/\/blogsaverroes.juntadeandalucia.es\/ceipmanuelmedina\/files\/2020\/09\/Horarios-B.zip\">Horarios B<\/a><\/p>\n<p><a href=\"https:\/\/blogsaverroes.juntadeandalucia.es\/ceipmanuelmedina\/files\/2021\/01\/portocolo-covid.jpg\"><img loading=\"lazy\" decoding=\"async\" class=\" wp-image-2413 aligncenter\" src=\"https:\/\/blogsaverroes.juntadeandalucia.es\/ceipmanuelmedina\/files\/2021\/01\/portocolo-covid-300x194.jpg\" alt=\"\" width=\"359\" height=\"232\" srcset=\"https:\/\/blogsaverroes.juntadeandalucia.es\/ceipmanuelmedina\/files\/2021\/01\/portocolo-covid-300x194.jpg 300w, https:\/\/blogsaverroes.juntadeandalucia.es\/ceipmanuelmedina\/files\/2021\/01\/portocolo-covid-768x496.jpg 768w, https:\/\/blogsaverroes.juntadeandalucia.es\/ceipmanuelmedina\/files\/2021\/01\/portocolo-covid-24x16.jpg 24w, https:\/\/blogsaverroes.juntadeandalucia.es\/ceipmanuelmedina\/files\/2021\/01\/portocolo-covid-36x23.jpg 36w, https:\/\/blogsaverroes.juntadeandalucia.es\/ceipmanuelmedina\/files\/2021\/01\/portocolo-covid-48x31.jpg 48w, https:\/\/blogsaverroes.juntadeandalucia.es\/ceipmanuelmedina\/files\/2021\/01\/portocolo-covid.jpg 848w\" sizes=\"(max-width: 359px) 100vw, 359px\" \/><\/a><\/p>\n","protected":false},"excerpt":{"rendered":"<p>PROTOCOLO COVID-19 El CEIP. Manuel Medina ha elaborado un Protocolo de actuaci\u00f3n COVID 19 para que los procesos de ense\u00f1anza aprendizaje se desarrollen con seguridad durante el curso escolar 2021\/2022, teniendo en cuenta lo&#46;&#46;&#46;<\/p>\n","protected":false},"author":11819,"featured_media":0,"comment_status":"open","ping_status":"open","sticky":false,"template":"","format":"standard","meta":{"ngg_post_thumbnail":0,"footnotes":""},"categories":[307442],"tags":[2351690,2351689,2351691,2351687],"aioseo_notices":[],"_links":{"self":[{"href":"https:\/\/blogsaverroes.juntadeandalucia.es\/ceipmanuelmedina\/wp-json\/wp\/v2\/posts\/2408"}],"collection":[{"href":"https:\/\/blogsaverroes.juntadeandalucia.es\/ceipmanuelmedina\/wp-json\/wp\/v2\/posts"}],"about":[{"href":"https:\/\/blogsaverroes.juntadeandalucia.es\/ceipmanuelmedina\/wp-json\/wp\/v2\/types\/post"}],"author":[{"embeddable":true,"href":"https:\/\/blogsaverroes.juntadeandalucia.es\/ceipmanuelmedina\/wp-json\/wp\/v2\/users\/11819"}],"replies":[{"embeddable":true,"href":"https:\/\/blogsaverroes.juntadeandalucia.es\/ceipmanuelmedina\/wp-json\/wp\/v2\/comments?post=2408"}],"version-history":[{"count":7,"href":"https:\/\/blogsaverroes.juntadeandalucia.es\/ceipmanuelmedina\/wp-json\/wp\/v2\/posts\/2408\/revisions"}],"predecessor-version":[{"id":2614,"href":"https:\/\/blogsaverroes.juntadeandalucia.es\/ceipmanuelmedina\/wp-json\/wp\/v2\/posts\/2408\/revisions\/2614"}],"wp:attachment":[{"href":"https:\/\/blogsaverroes.juntadeandalucia.es\/ceipmanuelmedina\/wp-json\/wp\/v2\/media?parent=2408"}],"wp:term":[{"taxonomy":"category","embeddable":true,"href":"https:\/\/blogsaverroes.juntadeandalucia.es\/ceipmanuelmedina\/wp-json\/wp\/v2\/categories?post=2408"},{"taxonomy":"post_tag","embeddable":true,"href":"https:\/\/blogsaverroes.juntadeandalucia.es\/ceipmanuelmedina\/wp-json\/wp\/v2\/tags?post=2408"}],"curies":[{"name":"wp","href":"https:\/\/api.w.org\/{rel}","templated":true}]}}