{"id":1166,"date":"2020-04-23T23:16:00","date_gmt":"2020-04-23T22:16:00","guid":{"rendered":"https:\/\/blogsaverroes.juntadeandalucia.es\/ceipmariamoreno\/semana-del-libro-viernes-dia-5\/"},"modified":"2020-04-23T23:16:00","modified_gmt":"2020-04-23T22:16:00","slug":"semana-del-libro-viernes-dia-5","status":"publish","type":"post","link":"https:\/\/blogsaverroes.juntadeandalucia.es\/ceipmariamoreno\/semana-del-libro-viernes-dia-5\/","title":{"rendered":"SEMANA DEL LIBRO viernes d\u00eda 5"},"content":{"rendered":"<div style=\"text-align: center\"><span style=\"color: orange\"><span style=\", sans-serif\"><span style=\"font-size: large\">\u00daltimo d\u00eda de la semana y \u00faltimo d\u00eda de CUENTOS CONTADOS.&nbsp;<\/span><\/span><\/span><br \/><span style=\"color: orange\"><span style=\", sans-serif\"><span style=\"font-size: large\"><br \/><\/span><\/span><\/span><span style=\"color: orange\"><span style=\", sans-serif\"><span style=\"font-size: large\">Este d\u00eda lo ten\u00edamos reservado para FAMILIAS que han decidido participar contando un cuento con sus hijos e hijas, porque nos parece una actividad cultural, educativa, de disfrute padres e hijos\/as pero sobre todo de uni\u00f3n familiar, as\u00ed es que&#8230;<\/span><\/span><\/span><\/p>\n<p><span style=\"color: orange\"><span style=\", sans-serif\"><span style=\"font-size: large\"><span style=\"color: red\">\ud83d\udcda\u00a1MIL GRACIAS POR PARTICIPAR!\ud83d\udcda<\/span><\/span><\/span><\/span><br \/><span style=\"color: orange\"><span style=\", sans-serif\"><span style=\"font-size: large\"><br \/><\/span><\/span><\/span><\/div>\n<div style=\"text-align: center\"><span style=\"color: #0b5394\"><span style=\"color: orange\"><span style=\", sans-serif\"><span style=\"font-size: large\">Esperamos que hay\u00e1is disfrutado durante la semana escuchando en algunos casos la voz de vuestro maestro\/a o vi\u00e9ndolos, tanto como nosotros cont\u00e1ndolos.<\/span><\/span><\/span><\/span><\/div>\n<div style=\"text-align: center\"><span style=\"color: orange\"><span style=\", sans-serif\"><span style=\"font-size: large\"><br \/><\/span><\/span><\/span><\/div>\n<div style=\"text-align: center\"><span style=\"color: orange\"><span style=\", sans-serif\"><span style=\"font-size: large\">Aqu\u00ed van los cuentos de las familias.<\/span><\/span><\/span><br \/><span style=\"color: orange\"><span style=\", sans-serif\"><span style=\"font-size: large\"><br \/><\/span><\/span><\/span><\/p>\n<div style=\"clear: both;text-align: center\"><iframe loading=\"lazy\" frameborder=\"0\" height=\"266\" src=\"https:\/\/www.youtube.com\/embed\/NeQMIwdJGBc?feature=player_embedded\" width=\"320\"><\/iframe>&nbsp;<\/div>\n<div style=\"clear: both;text-align: center\"><\/div>\n<div style=\"clear: both;text-align: center\"><\/div>\n<div style=\"clear: both;text-align: center\">&nbsp;<iframe loading=\"lazy\" frameborder=\"0\" height=\"266\" src=\"https:\/\/www.youtube.com\/embed\/VEZEKD3WhS4?feature=player_embedded\" width=\"320\"><\/iframe><\/div>\n<p><span style=\"color: orange\"><span style=\", sans-serif\"><span style=\"font-size: large\"><\/span><\/span><\/span><br \/><span style=\"color: orange\"><span style=\", sans-serif\"><span style=\"font-size: large\"><\/span><\/span><\/span><br \/><span style=\"color: orange\"><span style=\", sans-serif\"><span style=\"font-size: large\"><span style=\"color: black\">2 cuentos contados por Mar\u00eda Garcia Romero y su mam\u00e1 Loli Romero de Ed. Infantil 5 a\u00f1os<\/span><\/span><\/span><\/span><span style=\"color: orange\"><span style=\", sans-serif\"><span style=\"font-size: large\"><\/span><\/span><\/span><br \/><span style=\"color: orange\"><span style=\", sans-serif\"><span style=\"font-size: large\"><\/span><\/span><\/span><br \/><span style=\"color: orange\"><span style=\", sans-serif\"><span style=\"font-size: large\"><\/span><\/span><\/span><span style=\"color: orange\"><span style=\", sans-serif\"><span style=\"font-size: large\"><\/span><\/span><\/span><\/p>\n<div style=\"clear: both;text-align: center\"><iframe loading=\"lazy\" frameborder=\"0\" height=\"266\" src=\"https:\/\/www.youtube.com\/embed\/-3kNNxXpvao?feature=player_embedded\" width=\"320\"><\/iframe><\/div>\n<p><span style=\"color: orange\"><span style=\", sans-serif\"><span style=\"font-size: large\"><br \/><\/span><\/span><\/span><br \/><span style=\"color: orange\"><span style=\", sans-serif\"><span style=\"font-size: large\"><span style=\"color: black\">Juan Sebasti\u00e1n Garc\u00eda Romero 2\u00ba primaria<\/span><\/span><\/span><\/span><br \/><span style=\"color: orange\"><span style=\", sans-serif\"><span style=\"font-size: large\"><br \/><\/span><\/span><\/span><br \/><span style=\"color: orange\"><span style=\", sans-serif\"><span style=\"font-size: large\"><\/span><\/span><\/span> <\/p>\n<div style=\"clear: both;text-align: center\"><\/div>\n<div style=\"clear: both;text-align: center\"><\/div>\n<div style=\"clear: both;text-align: center\"><iframe loading=\"lazy\" frameborder=\"0\" height=\"266\" src=\"https:\/\/www.youtube.com\/embed\/uIXHGCSkROs?feature=player_embedded\" width=\"320\"><\/iframe>&nbsp;<\/div>\n<div style=\"clear: both;text-align: center\"><\/div>\n<p><span style=\"color: orange\"><span style=\", sans-serif\"><span style=\"font-size: large\"><span style=\"color: black\">Miguel S\u00e1nchez y su mam\u00e1 Ana Mar\u00eda Coleto de Ed. Infantil 3 a\u00f1os.<\/span><\/span><\/span><\/span><\/p>\n<div style=\"clear: both;text-align: center\"><iframe loading=\"lazy\" frameborder=\"0\" height=\"266\" src=\"https:\/\/www.youtube.com\/embed\/OE4nh8UYZm8?feature=player_embedded\" width=\"320\"><\/iframe><\/div>\n<p><span style=\"color: orange\"><span style=\", sans-serif\"><span style=\"font-size: large\"><span style=\"color: black\">Paula Calero Garc\u00eda, 4\u00ba de primaria<\/span><\/span><\/span><\/span><\/p>\n<p><\/p>\n<div style=\"clear: both;text-align: center\"><iframe loading=\"lazy\" frameborder=\"0\" height=\"266\" src=\"https:\/\/www.youtube.com\/embed\/V0NxaNWcvQs?feature=player_embedded\" width=\"320\"><\/iframe><\/div>\n<p><span style=\"color: orange\"><span style=\", sans-serif\"><span style=\"font-size: large\"><span style=\"color: black\">Marcos S\u00e1nchez S\u00e1nchez 1\u00ba primaria <\/span><\/span><\/span><\/span><\/p>\n<div style=\"clear: both;text-align: center\"><\/div>\n<div style=\"clear: both;text-align: center\"><iframe loading=\"lazy\" frameborder=\"0\" height=\"266\" src=\"https:\/\/www.youtube.com\/embed\/yXk09mBdzuQ?feature=player_embedded\" width=\"320\"><\/iframe><\/div>\n<div style=\"clear: both;text-align: center\"><\/div>\n<div style=\"clear: both;text-align: center\"><\/div>\n<div style=\"clear: both;text-align: center\"><\/div>\n<p><iframe loading=\"lazy\" frameborder=\"0\" height=\"266\" src=\"https:\/\/www.youtube.com\/embed\/LNas_PpsdPk?feature=player_embedded\" width=\"320\"><\/iframe><\/p>\n<p><span style=\"color: orange\"><span style=\", sans-serif\"><span style=\"font-size: large\"><span style=\"color: black\">Primas de Miguel \u00c1ngel Cerro Rodr\u00edguezde 1\u00ba de primaria&nbsp;<\/span><\/span><\/span><\/span><\/p>\n<p><span style=\"color: orange\"><br \/><\/span><span style=\"color: orange\"><span style=\"color: orange\"><span style=\"color: orange\"><span style=\", sans-serif\"><span style=\"font-size: large\"><span style=\"color: black\">Y PARA TERMINAR TODA UNA T\u00d3MBOLA Y MARAT\u00d3N DE LIBROS PARA ESCUCHAR Y DESCARGAR:<\/span><\/span><\/span><\/span><\/span><\/span><br \/><span style=\"color: orange\"><br \/><\/span><span style=\"color: orange\"><span style=\"color: orange\"><span style=\"color: orange\"><span style=\", sans-serif\"><span style=\"font-size: large\"><span style=\"color: black\">LEER TE DA SUE\u00d1OS, TE DA CULTURA, TE RELAJA, TE DA IMAGINACI\u00d3N&#8230; \u00a1APROV\u00c9CHALO!<\/span><\/span><\/span><\/span><\/span><\/span><\/p>\n<p><\/div>\n<p><iframe loading=\"lazy\" height=\"550\" src=\"https:\/\/drive.google.com\/file\/d\/1Cp5dVSZKXc19scwLop344r8Nkxwb9xcc\/preview\" width=\"640\"><\/iframe> <\/p>\n<p>&nbsp;<iframe loading=\"lazy\" height=\"580\" src=\"https:\/\/drive.google.com\/file\/d\/1Dx9CoR_YZjywOwq7NLC7KfkFUM9XoLb_\/preview\" width=\"640\"><\/iframe><\/p>\n","protected":false},"excerpt":{"rendered":"<p>\u00daltimo d\u00eda de la semana y \u00faltimo d\u00eda de CUENTOS CONTADOS.&nbsp;Este d\u00eda lo ten\u00edamos reservado para FAMILIAS que han decidido participar contando un cuento con sus hijos e hijas, porque nos parece una actividad&#46;&#46;&#46;<\/p>\n","protected":false},"author":13322,"featured_media":0,"comment_status":"closed","ping_status":"open","sticky":false,"template":"","format":"standard","meta":{"ngg_post_thumbnail":0,"footnotes":""},"categories":[10],"tags":[],"aioseo_notices":[],"_links":{"self":[{"href":"https:\/\/blogsaverroes.juntadeandalucia.es\/ceipmariamoreno\/wp-json\/wp\/v2\/posts\/1166"}],"collection":[{"href":"https:\/\/blogsaverroes.juntadeandalucia.es\/ceipmariamoreno\/wp-json\/wp\/v2\/posts"}],"about":[{"href":"https:\/\/blogsaverroes.juntadeandalucia.es\/ceipmariamoreno\/wp-json\/wp\/v2\/types\/post"}],"author":[{"embeddable":true,"href":"https:\/\/blogsaverroes.juntadeandalucia.es\/ceipmariamoreno\/wp-json\/wp\/v2\/users\/13322"}],"replies":[{"embeddable":true,"href":"https:\/\/blogsaverroes.juntadeandalucia.es\/ceipmariamoreno\/wp-json\/wp\/v2\/comments?post=1166"}],"version-history":[{"count":0,"href":"https:\/\/blogsaverroes.juntadeandalucia.es\/ceipmariamoreno\/wp-json\/wp\/v2\/posts\/1166\/revisions"}],"wp:attachment":[{"href":"https:\/\/blogsaverroes.juntadeandalucia.es\/ceipmariamoreno\/wp-json\/wp\/v2\/media?parent=1166"}],"wp:term":[{"taxonomy":"category","embeddable":true,"href":"https:\/\/blogsaverroes.juntadeandalucia.es\/ceipmariamoreno\/wp-json\/wp\/v2\/categories?post=1166"},{"taxonomy":"post_tag","embeddable":true,"href":"https:\/\/blogsaverroes.juntadeandalucia.es\/ceipmariamoreno\/wp-json\/wp\/v2\/tags?post=1166"}],"curies":[{"name":"wp","href":"https:\/\/api.w.org\/{rel}","templated":true}]}}