{"id":1184,"date":"2020-03-27T10:12:00","date_gmt":"2020-03-27T09:12:00","guid":{"rendered":"https:\/\/blogsaverroes.juntadeandalucia.es\/ceipmariamoreno\/cuento-del-dia-27-marzo-2020\/"},"modified":"2020-03-27T10:12:00","modified_gmt":"2020-03-27T09:12:00","slug":"cuento-del-dia-27-marzo-2020","status":"publish","type":"post","link":"https:\/\/blogsaverroes.juntadeandalucia.es\/ceipmariamoreno\/cuento-del-dia-27-marzo-2020\/","title":{"rendered":"CUENTO DEL D\u00cdA 27 marzo 2020"},"content":{"rendered":"<p><\/p>\n<div style=\"text-align: center\"><span style=\"color: orange\"><span style=\"font-size: large\"><span style=\", sans-serif\">Hoy para los peque\u00f1os de <b>Educaci\u00f3n Infantil<\/b><\/span><\/span><\/span><\/p>\n<p><span style=\"color: orange\"><span style=\"font-size: large\"><span style=\", sans-serif\"><b>LOLA Y EL DRAG\u00d3N<\/b><\/span><\/span><\/span><\/p>\n<p><a href=\"https:\/\/1.bp.blogspot.com\/-B7Lj7sBTsuU\/XnzTU6haf8I\/AAAAAAAAAN4\/irNyoU2ZYEsJvudj_Ac5YbCiwXXWFlRkgCLcBGAsYHQ\/s1600\/%25C3%25ADndice.jpg\" style=\"clear: left;float: left;margin-bottom: 1em;margin-right: 1em\"><img loading=\"lazy\" decoding=\"async\" border=\"0\" data-original-height=\"249\" data-original-width=\"202\" height=\"320\" src=\"https:\/\/1.bp.blogspot.com\/-B7Lj7sBTsuU\/XnzTU6haf8I\/AAAAAAAAAN4\/irNyoU2ZYEsJvudj_Ac5YbCiwXXWFlRkgCLcBGAsYHQ\/s320\/%25C3%25ADndice.jpg\" width=\"259\" \/><\/a><span style=\"color: orange\"><span style=\"font-size: large\"><span style=\", sans-serif\">&nbsp;<\/span><\/span><\/span><\/p>\n<p><span style=\"color: orange\"><span style=\"font-size: large\"><span style=\", sans-serif\">Su autora es Nadia Shireen, de la editorial K\u00f3kinos.<\/span><\/span><\/span><br \/><span style=\"color: orange\"><span style=\"font-size: large\"><span style=\", sans-serif\">Nos ha encantado como lo cuenta esta maestra del C.E.I. PINOLIVO, un centro de Educaci\u00f3n Infantil de Marbella (M\u00e1laga).<\/span><\/span><\/span><\/p>\n<p><span style=\"color: orange\"><span style=\"font-size: large\"><span style=\", sans-serif\">\ud83d\udc49\ud83d\udc49\ud83d\udc49<a href=\"https:\/\/www.instagram.com\/p\/B982fdgCT4n\/?igshid=bssg7frf1fdx\"><b>PINCHAD AQU\u00cd<\/b><\/a>\ud83d\udc48\ud83d\udc48\ud83d\udc48 <\/span><\/span><\/span><br \/><span style=\"color: orange\"><span style=\"font-size: large\"><span style=\", sans-serif\"><b><br \/><\/b><\/span><\/span><\/span><\/p>\n<div style=\"text-align: justify\"><span style=\"font-size: large\"><br \/><\/span><\/div>\n<\/div>\n<div style=\"text-align: center\"><span style=\"font-size: large\"><\/span><br \/><span style=\"font-size: large\"><\/span><br \/><span style=\"font-size: large\"><\/span><br \/><span style=\"font-size: large\"><\/span><br \/><span style=\"font-size: large\"><\/span><br \/><span style=\"font-size: large\"><br \/><\/span><span style=\"font-size: large\"><br \/><\/span><\/div>\n<div style=\"text-align: center\"><\/div>\n<div style=\"text-align: center\"><\/div>\n<div style=\"text-align: center\"><span style=\"color: #a64d79\"><span style=\", sans-serif\"><span style=\"font-size: large\"><b>PRIMER Y SEGUNDO CICLO DE EDUCACI\u00d3N PRIMARIA<\/b><\/span><\/span><\/span><\/div>\n<div style=\"text-align: justify\"><span style=\"color: #a64d79\"><span style=\", sans-serif\"><span style=\"font-size: large\"><br \/><\/span><\/span><\/span><\/div>\n<div style=\"text-align: justify\"><span style=\"color: #a64d79\"><span style=\", sans-serif\"><span style=\"font-size: large\"><span style=\", sans-serif\">Os proponemos un cuento contado por Rozal\u00e9n.<\/span><\/span><\/span><\/span><\/div>\n<div style=\"text-align: center\"><span style=\"color: #a64d79\"><span style=\", sans-serif\"><span style=\"font-size: large\"><span style=\", sans-serif\"><br \/><\/span><\/span><\/span><\/span><\/div>\n<div style=\"text-align: justify\">\n<div style=\"text-align: center\"><b><span style=\"color: #a64d79\"><span style=\", sans-serif\"><span style=\"font-size: large\"><span style=\", sans-serif\">&#8220;YO VOY CONMIGO&#8221;<\/span><\/span><\/span><\/span><\/b><\/div>\n<\/div>\n<div style=\"text-align: justify\"><span style=\"color: #a64d79\"><span style=\", sans-serif\"><span style=\"font-size: large\"><span style=\", sans-serif\">De Raquel D\u00edaz Reguera. Editorial Thulos.<\/span><\/span><\/span><\/span><br \/><span style=\"color: #a64d79\"><span style=\", sans-serif\"><span style=\"font-size: large\"><span style=\", sans-serif\"><span style=\"background-color: white\"><span style=\"color: #c27ba0\">Un cuento para ponerse en los zapatos de una ni\u00f1a especial, con alas y muchos p\u00e1jaros en la cabeza que nos har\u00e1 reflexionar sobre el concepto de aceptarse y quererse a uno mismo a pesar dela mirada de los dem\u00e1s. Un cuento precioso y necesario, que reflexiona sobre la importancia de ser uno mismo, sin dejar que el entorno nos haga diferentes y sore la importancia de dar valor a nuestras caracter\u00edsticas&#8230; a esos p\u00e1jaros en la cabeza que todos tenemos, aunque a veces dejemos enjaulados.<\/span><\/span><\/span><\/span><\/span><\/span><\/p>\n<p><span style=\"color: #a64d79\"><span style=\", sans-serif\"><span style=\"font-size: large\"><span style=\", sans-serif\"><br \/><\/span><\/span><\/span><\/span><\/p>\n<div style=\"clear: both;text-align: center\"><iframe loading=\"lazy\" frameborder=\"0\" height=\"266\" src=\"https:\/\/www.youtube.com\/embed\/jrpxixzQ790?feature=player_embedded\" width=\"320\"><\/iframe>&nbsp;<\/div>\n<div style=\"clear: both;text-align: center\"><\/div>\n<p><span style=\"color: #a64d79\"><span style=\", sans-serif\"><span style=\"font-size: large\"><span style=\", sans-serif\">&nbsp;<\/span><\/span><\/span><\/span> <\/div>\n<p><\/p>\n<div style=\"clear: both;text-align: center\"><\/div>\n<div style=\"clear: both;text-align: center\"><\/div>\n<div style=\"clear: both;text-align: center\"><\/div>\n<div style=\"clear: both;text-align: center\"><\/div>\n<div style=\"clear: both;text-align: center\"><b><span style=\"color: #3d85c6\"><span style=\", sans-serif\"><span style=\"font-size: large\">TERCER CICLO (5\u00ba Y 6\u00ba PRIMARIA)<\/span><\/span><\/span><\/b><\/p>\n<p><b><span style=\"color: #3d85c6\"><span style=\", sans-serif\"><span style=\"font-size: large\">De la importancia de la familia y trabajar en equipo, porque unidos venceremos esta situaci\u00f3n que ahora tenemos&#8230; \u00a1Vamos!<\/span><\/span><\/span><\/b><\/p>\n<p><b><span style=\"color: #3d85c6\"><span style=\", sans-serif\"><span style=\"font-size: large\">\u201cLo importante no es el puesto en el que se juegue, sino el esfuerzo de  cada jugador porque a pesar de las dificultades si el equipo est\u00e1 unido  nunca abandona\u201d. Esta frase es un extracto del di\u00e1logo que aparece en  este cortometraje de animaci\u00f3n. Se desarrolla en un aula y el mensaje  que se transmite es que la familia es un gran equipo cuyos miembros al  permanecer unidos afrontan mejor las adversidades y problemas del d\u00eda a  d\u00eda. <\/span><\/span><\/span><\/b><\/p>\n<div style=\"clear: both;text-align: center\"><iframe loading=\"lazy\" frameborder=\"0\" height=\"266\" src=\"https:\/\/www.youtube.com\/embed\/nwLm1MlJUGs?feature=player_embedded\" width=\"320\"><\/iframe><\/div>\n<\/div>\n<div style=\"clear: both;text-align: center\"><span style=\"color: #3d85c6\"><span style=\", sans-serif\"><span style=\"font-size: large\"><br \/><\/span><\/span><\/span><\/div>\n<div style=\"clear: both;text-align: justify\"><\/div>\n<div style=\"clear: both;text-align: justify\"><\/div>\n<div style=\"clear: both;text-align: justify\"><\/div>\n<div style=\"clear: both;text-align: justify\"><\/div>\n<p><\/p>\n","protected":false},"excerpt":{"rendered":"<p>Hoy para los peque\u00f1os de Educaci\u00f3n Infantil LOLA Y EL DRAG\u00d3N &nbsp; Su autora es Nadia Shireen, de la editorial K\u00f3kinos.Nos ha encantado como lo cuenta esta maestra del C.E.I. PINOLIVO, un centro de&#46;&#46;&#46;<\/p>\n","protected":false},"author":13322,"featured_media":0,"comment_status":"closed","ping_status":"open","sticky":false,"template":"","format":"standard","meta":{"ngg_post_thumbnail":0,"footnotes":""},"categories":[10],"tags":[],"aioseo_notices":[],"_links":{"self":[{"href":"https:\/\/blogsaverroes.juntadeandalucia.es\/ceipmariamoreno\/wp-json\/wp\/v2\/posts\/1184"}],"collection":[{"href":"https:\/\/blogsaverroes.juntadeandalucia.es\/ceipmariamoreno\/wp-json\/wp\/v2\/posts"}],"about":[{"href":"https:\/\/blogsaverroes.juntadeandalucia.es\/ceipmariamoreno\/wp-json\/wp\/v2\/types\/post"}],"author":[{"embeddable":true,"href":"https:\/\/blogsaverroes.juntadeandalucia.es\/ceipmariamoreno\/wp-json\/wp\/v2\/users\/13322"}],"replies":[{"embeddable":true,"href":"https:\/\/blogsaverroes.juntadeandalucia.es\/ceipmariamoreno\/wp-json\/wp\/v2\/comments?post=1184"}],"version-history":[{"count":0,"href":"https:\/\/blogsaverroes.juntadeandalucia.es\/ceipmariamoreno\/wp-json\/wp\/v2\/posts\/1184\/revisions"}],"wp:attachment":[{"href":"https:\/\/blogsaverroes.juntadeandalucia.es\/ceipmariamoreno\/wp-json\/wp\/v2\/media?parent=1184"}],"wp:term":[{"taxonomy":"category","embeddable":true,"href":"https:\/\/blogsaverroes.juntadeandalucia.es\/ceipmariamoreno\/wp-json\/wp\/v2\/categories?post=1184"},{"taxonomy":"post_tag","embeddable":true,"href":"https:\/\/blogsaverroes.juntadeandalucia.es\/ceipmariamoreno\/wp-json\/wp\/v2\/tags?post=1184"}],"curies":[{"name":"wp","href":"https:\/\/api.w.org\/{rel}","templated":true}]}}