{"id":4000,"date":"2023-11-05T17:21:49","date_gmt":"2023-11-05T16:21:49","guid":{"rendered":"https:\/\/blogsaverroes.juntadeandalucia.es\/ceipmariamoreno\/?p=4000"},"modified":"2023-11-06T18:56:35","modified_gmt":"2023-11-06T17:56:35","slug":"ponte-las-gafas-ultravioleta","status":"publish","type":"post","link":"https:\/\/blogsaverroes.juntadeandalucia.es\/ceipmariamoreno\/ponte-las-gafas-ultravioleta\/","title":{"rendered":"Ponte las gafas ultravioleta"},"content":{"rendered":"<p>El viernes celebramos en el cole el D\u00eda de la Eliminaci\u00f3n del Sexismo en los centros educativos. Todos y todas pudimos observar la cantidad de diferencias que, a\u00fan a d\u00eda de hoy, se dan al tratar a ni\u00f1os y ni\u00f1as. &#8220;Ponte las gafas Ultravioleta&#8221; se convierte as\u00ed en una actividad para visualizar la cantidad de lenguaje sexista que hay a nuestro alrededor. Accede a un resumen en im\u00e1genes de las actividades realizadas a trav\u00e9s del siguiente v\u00eddeo:<\/p>\n<div style=\"width: 1920px;\" class=\"wp-video\"><!--[if lt IE 9]><script>document.createElement('video');<\/script><![endif]-->\n<video class=\"wp-video-shortcode\" id=\"video-4000-1\" width=\"1920\" height=\"1080\" preload=\"metadata\" controls=\"controls\"><source type=\"video\/mp4\" src=\"https:\/\/blogsaverroes.juntadeandalucia.es\/ceipmariamoreno\/files\/2023\/11\/VIDEO-2023-11-06-17-41-08.mp4?_=1\" \/><a href=\"https:\/\/blogsaverroes.juntadeandalucia.es\/ceipmariamoreno\/files\/2023\/11\/VIDEO-2023-11-06-17-41-08.mp4\">https:\/\/blogsaverroes.juntadeandalucia.es\/ceipmariamoreno\/files\/2023\/11\/VIDEO-2023-11-06-17-41-08.mp4<\/a><\/video><\/div>\n<p>&nbsp;<\/p>\n<p>Adem\u00e1s, para evitar el uso de un lenguaje no sexista en nuestras aulas, la coordinadora del Plan de Igualdad de nuestro centro ha compartido con el equipo docente la siguiente gu\u00eda de buenas pr\u00e1cticas:<\/p>\n<div id=\"attachment_4005\" style=\"width: 891px\" class=\"wp-caption aligncenter\"><img loading=\"lazy\" decoding=\"async\" aria-describedby=\"caption-attachment-4005\" class=\"wp-image-4005 size-full\" src=\"https:\/\/blogsaverroes.juntadeandalucia.es\/ceipmariamoreno\/files\/2023\/11\/Captura-de-pantalla-2023-11-05-a-las-17.21.55.png\" alt=\"\" width=\"881\" height=\"621\" srcset=\"https:\/\/blogsaverroes.juntadeandalucia.es\/ceipmariamoreno\/files\/2023\/11\/Captura-de-pantalla-2023-11-05-a-las-17.21.55.png 881w, https:\/\/blogsaverroes.juntadeandalucia.es\/ceipmariamoreno\/files\/2023\/11\/Captura-de-pantalla-2023-11-05-a-las-17.21.55-300x211.png 300w, https:\/\/blogsaverroes.juntadeandalucia.es\/ceipmariamoreno\/files\/2023\/11\/Captura-de-pantalla-2023-11-05-a-las-17.21.55-768x541.png 768w\" sizes=\"(max-width: 881px) 100vw, 881px\" \/><p id=\"caption-attachment-4005\" class=\"wp-caption-text\"><a href=\"https:\/\/drive.google.com\/file\/d\/1gjYdo5KMOWWVgyn9NOIe0OPE4hs_ijxb\/view\">Gu\u00eda de Buenas Pr\u00e1cticas &#8211; LenguajeNoSexista.PDF<\/a><\/p><\/div>\n","protected":false},"excerpt":{"rendered":"<p>El viernes celebramos en el cole el D\u00eda de la Eliminaci\u00f3n del Sexismo en los centros educativos. Todos y todas pudimos observar la cantidad de diferencias que, a\u00fan a d\u00eda de hoy, se dan&#46;&#46;&#46;<\/p>\n","protected":false},"author":13322,"featured_media":4007,"comment_status":"closed","ping_status":"open","sticky":false,"template":"","format":"standard","meta":{"ngg_post_thumbnail":0,"footnotes":""},"categories":[48,73],"tags":[],"aioseo_notices":[],"_links":{"self":[{"href":"https:\/\/blogsaverroes.juntadeandalucia.es\/ceipmariamoreno\/wp-json\/wp\/v2\/posts\/4000"}],"collection":[{"href":"https:\/\/blogsaverroes.juntadeandalucia.es\/ceipmariamoreno\/wp-json\/wp\/v2\/posts"}],"about":[{"href":"https:\/\/blogsaverroes.juntadeandalucia.es\/ceipmariamoreno\/wp-json\/wp\/v2\/types\/post"}],"author":[{"embeddable":true,"href":"https:\/\/blogsaverroes.juntadeandalucia.es\/ceipmariamoreno\/wp-json\/wp\/v2\/users\/13322"}],"replies":[{"embeddable":true,"href":"https:\/\/blogsaverroes.juntadeandalucia.es\/ceipmariamoreno\/wp-json\/wp\/v2\/comments?post=4000"}],"version-history":[{"count":8,"href":"https:\/\/blogsaverroes.juntadeandalucia.es\/ceipmariamoreno\/wp-json\/wp\/v2\/posts\/4000\/revisions"}],"predecessor-version":[{"id":4011,"href":"https:\/\/blogsaverroes.juntadeandalucia.es\/ceipmariamoreno\/wp-json\/wp\/v2\/posts\/4000\/revisions\/4011"}],"wp:featuredmedia":[{"embeddable":true,"href":"https:\/\/blogsaverroes.juntadeandalucia.es\/ceipmariamoreno\/wp-json\/wp\/v2\/media\/4007"}],"wp:attachment":[{"href":"https:\/\/blogsaverroes.juntadeandalucia.es\/ceipmariamoreno\/wp-json\/wp\/v2\/media?parent=4000"}],"wp:term":[{"taxonomy":"category","embeddable":true,"href":"https:\/\/blogsaverroes.juntadeandalucia.es\/ceipmariamoreno\/wp-json\/wp\/v2\/categories?post=4000"},{"taxonomy":"post_tag","embeddable":true,"href":"https:\/\/blogsaverroes.juntadeandalucia.es\/ceipmariamoreno\/wp-json\/wp\/v2\/tags?post=4000"}],"curies":[{"name":"wp","href":"https:\/\/api.w.org\/{rel}","templated":true}]}}