{"id":4112,"date":"2024-02-16T13:56:11","date_gmt":"2024-02-16T12:56:11","guid":{"rendered":"https:\/\/blogsaverroes.juntadeandalucia.es\/ceipmariamoreno\/?p=4112"},"modified":"2024-02-21T22:28:36","modified_gmt":"2024-02-21T21:28:36","slug":"el-carnaval-encantado","status":"publish","type":"post","link":"https:\/\/blogsaverroes.juntadeandalucia.es\/ceipmariamoreno\/el-carnaval-encantado\/","title":{"rendered":"El Carnaval Encantado&#8230;"},"content":{"rendered":"<p>Un m\u00e1s m\u00e1s, nuestro cole se viste de color para celebrar el carnaval. Esta vez, nuestros disfraces se han inspirado en la tem\u00e1tica de un bosque encantado: mariquitas, lib\u00e9lulas, duendes, abejas, pitufos, reyes y reinas del bosque, mariposas, p\u00e1jaros, criaturas del bosque y exploradores. Todos para recordarnos que nuestra Comunidad de Aprendizaje llevar\u00e1 por t\u00edtulo &#8220;El mariposario&#8221; y a ella hemos querido hacer homenaje este a\u00f1o.<\/p>\n<p>Adem\u00e1s hemos tenido la visita de algunos alumn@s del IES Antonio Mar\u00eda Calero que han venido a conocer nuestro cole y amenizarnos la ma\u00f1ana con unos bailes.<\/p>\n<p>Muchas gracias!!!<\/p>\n<p><img loading=\"lazy\" decoding=\"async\" class=\"aligncenter size-full wp-image-4113\" src=\"https:\/\/blogsaverroes.juntadeandalucia.es\/ceipmariamoreno\/files\/2024\/02\/WhatsApp-Image-2024-02-16-at-11.15.25-scaled.jpeg\" alt=\"\" width=\"2560\" height=\"1183\" srcset=\"https:\/\/blogsaverroes.juntadeandalucia.es\/ceipmariamoreno\/files\/2024\/02\/WhatsApp-Image-2024-02-16-at-11.15.25-scaled.jpeg 2560w, https:\/\/blogsaverroes.juntadeandalucia.es\/ceipmariamoreno\/files\/2024\/02\/WhatsApp-Image-2024-02-16-at-11.15.25-300x139.jpeg 300w, https:\/\/blogsaverroes.juntadeandalucia.es\/ceipmariamoreno\/files\/2024\/02\/WhatsApp-Image-2024-02-16-at-11.15.25-1024x473.jpeg 1024w, https:\/\/blogsaverroes.juntadeandalucia.es\/ceipmariamoreno\/files\/2024\/02\/WhatsApp-Image-2024-02-16-at-11.15.25-768x355.jpeg 768w, https:\/\/blogsaverroes.juntadeandalucia.es\/ceipmariamoreno\/files\/2024\/02\/WhatsApp-Image-2024-02-16-at-11.15.25-1536x710.jpeg 1536w, https:\/\/blogsaverroes.juntadeandalucia.es\/ceipmariamoreno\/files\/2024\/02\/WhatsApp-Image-2024-02-16-at-11.15.25-2048x946.jpeg 2048w\" sizes=\"(max-width: 2560px) 100vw, 2560px\" \/><\/p>\n<div style=\"width: 848px;\" class=\"wp-video\"><!--[if lt IE 9]><script>document.createElement('video');<\/script><![endif]-->\n<video class=\"wp-video-shortcode\" id=\"video-4112-1\" width=\"848\" height=\"478\" preload=\"metadata\" controls=\"controls\"><source type=\"video\/mp4\" src=\"https:\/\/blogsaverroes.juntadeandalucia.es\/ceipmariamoreno\/files\/2024\/02\/WhatsApp-Video-2024-02-16-at-11.08.06.mp4?_=1\" \/><a href=\"https:\/\/blogsaverroes.juntadeandalucia.es\/ceipmariamoreno\/files\/2024\/02\/WhatsApp-Video-2024-02-16-at-11.08.06.mp4\">https:\/\/blogsaverroes.juntadeandalucia.es\/ceipmariamoreno\/files\/2024\/02\/WhatsApp-Video-2024-02-16-at-11.08.06.mp4<\/a><\/video><\/div>\n<div style=\"width: 848px;\" class=\"wp-video\"><video class=\"wp-video-shortcode\" id=\"video-4112-2\" width=\"848\" height=\"478\" preload=\"metadata\" controls=\"controls\"><source type=\"video\/mp4\" src=\"https:\/\/blogsaverroes.juntadeandalucia.es\/ceipmariamoreno\/files\/2024\/02\/video-carnaval.mp4?_=2\" \/><a href=\"https:\/\/blogsaverroes.juntadeandalucia.es\/ceipmariamoreno\/files\/2024\/02\/video-carnaval.mp4\">https:\/\/blogsaverroes.juntadeandalucia.es\/ceipmariamoreno\/files\/2024\/02\/video-carnaval.mp4<\/a><\/video><\/div>\n<p>&nbsp;<\/p>\n","protected":false},"excerpt":{"rendered":"<p>Un m\u00e1s m\u00e1s, nuestro cole se viste de color para celebrar el carnaval. Esta vez, nuestros disfraces se han inspirado en la tem\u00e1tica de un bosque encantado: mariquitas, lib\u00e9lulas, duendes, abejas, pitufos, reyes y&#46;&#46;&#46;<\/p>\n","protected":false},"author":13322,"featured_media":4113,"comment_status":"closed","ping_status":"open","sticky":false,"template":"","format":"standard","meta":{"ngg_post_thumbnail":0,"footnotes":""},"categories":[1],"tags":[],"aioseo_notices":[],"_links":{"self":[{"href":"https:\/\/blogsaverroes.juntadeandalucia.es\/ceipmariamoreno\/wp-json\/wp\/v2\/posts\/4112"}],"collection":[{"href":"https:\/\/blogsaverroes.juntadeandalucia.es\/ceipmariamoreno\/wp-json\/wp\/v2\/posts"}],"about":[{"href":"https:\/\/blogsaverroes.juntadeandalucia.es\/ceipmariamoreno\/wp-json\/wp\/v2\/types\/post"}],"author":[{"embeddable":true,"href":"https:\/\/blogsaverroes.juntadeandalucia.es\/ceipmariamoreno\/wp-json\/wp\/v2\/users\/13322"}],"replies":[{"embeddable":true,"href":"https:\/\/blogsaverroes.juntadeandalucia.es\/ceipmariamoreno\/wp-json\/wp\/v2\/comments?post=4112"}],"version-history":[{"count":4,"href":"https:\/\/blogsaverroes.juntadeandalucia.es\/ceipmariamoreno\/wp-json\/wp\/v2\/posts\/4112\/revisions"}],"predecessor-version":[{"id":4143,"href":"https:\/\/blogsaverroes.juntadeandalucia.es\/ceipmariamoreno\/wp-json\/wp\/v2\/posts\/4112\/revisions\/4143"}],"wp:featuredmedia":[{"embeddable":true,"href":"https:\/\/blogsaverroes.juntadeandalucia.es\/ceipmariamoreno\/wp-json\/wp\/v2\/media\/4113"}],"wp:attachment":[{"href":"https:\/\/blogsaverroes.juntadeandalucia.es\/ceipmariamoreno\/wp-json\/wp\/v2\/media?parent=4112"}],"wp:term":[{"taxonomy":"category","embeddable":true,"href":"https:\/\/blogsaverroes.juntadeandalucia.es\/ceipmariamoreno\/wp-json\/wp\/v2\/categories?post=4112"},{"taxonomy":"post_tag","embeddable":true,"href":"https:\/\/blogsaverroes.juntadeandalucia.es\/ceipmariamoreno\/wp-json\/wp\/v2\/tags?post=4112"}],"curies":[{"name":"wp","href":"https:\/\/api.w.org\/{rel}","templated":true}]}}