{"id":4187,"date":"2022-08-16T11:12:11","date_gmt":"2022-08-16T11:12:11","guid":{"rendered":"https:\/\/blogsaverroes.juntadeandalucia.es\/unidadesdidacticasdeptval\/?p=4187"},"modified":"2022-09-02T00:23:24","modified_gmt":"2022-09-01T23:23:24","slug":"vuelta-al-cole","status":"publish","type":"post","link":"https:\/\/blogsaverroes.juntadeandalucia.es\/ceipmariazambrano\/vuelta-al-cole\/","title":{"rendered":"Vuelta al cole"},"content":{"rendered":"<p><span style=\"font-size: 12pt\">Se informa que las clases, para el pr\u00f3ximo curso 2022-2023, comenzar\u00e1n el d\u00eda 12 de septiembre.&nbsp;<\/span><\/p>\n<p><img loading=\"lazy\" decoding=\"async\" class=\"aligncenter wp-image-4188\" src=\"https:\/\/blogsaverroes.juntadeandalucia.es\/ceipmariazambrano\/files\/2022\/08\/vuelta-al-cole-300x138.jpeg\" alt=\"\" width=\"600\" height=\"276\" srcset=\"https:\/\/blogsaverroes.juntadeandalucia.es\/ceipmariazambrano\/files\/2022\/08\/vuelta-al-cole-300x138.jpeg 300w, https:\/\/blogsaverroes.juntadeandalucia.es\/ceipmariazambrano\/files\/2022\/08\/vuelta-al-cole-1024x471.jpeg 1024w, https:\/\/blogsaverroes.juntadeandalucia.es\/ceipmariazambrano\/files\/2022\/08\/vuelta-al-cole-768x353.jpeg 768w, https:\/\/blogsaverroes.juntadeandalucia.es\/ceipmariazambrano\/files\/2022\/08\/vuelta-al-cole-980x450.jpeg 980w, https:\/\/blogsaverroes.juntadeandalucia.es\/ceipmariazambrano\/files\/2022\/08\/vuelta-al-cole.jpeg 1401w\" sizes=\"(max-width: 600px) 100vw, 600px\" \/><\/p>\n","protected":false},"excerpt":{"rendered":"<p>Se informa que las clases, para el pr\u00f3ximo curso 2022-2023, comenzar\u00e1n el d\u00eda 12 de septiembre.&nbsp;<\/p>\n","protected":false},"author":15544,"featured_media":4188,"comment_status":"closed","ping_status":"closed","sticky":false,"template":"","format":"standard","meta":{"ngg_post_thumbnail":0,"footnotes":""},"categories":[9,3],"tags":[],"aioseo_notices":[],"_links":{"self":[{"href":"https:\/\/blogsaverroes.juntadeandalucia.es\/ceipmariazambrano\/wp-json\/wp\/v2\/posts\/4187"}],"collection":[{"href":"https:\/\/blogsaverroes.juntadeandalucia.es\/ceipmariazambrano\/wp-json\/wp\/v2\/posts"}],"about":[{"href":"https:\/\/blogsaverroes.juntadeandalucia.es\/ceipmariazambrano\/wp-json\/wp\/v2\/types\/post"}],"author":[{"embeddable":true,"href":"https:\/\/blogsaverroes.juntadeandalucia.es\/ceipmariazambrano\/wp-json\/wp\/v2\/users\/15544"}],"replies":[{"embeddable":true,"href":"https:\/\/blogsaverroes.juntadeandalucia.es\/ceipmariazambrano\/wp-json\/wp\/v2\/comments?post=4187"}],"version-history":[{"count":2,"href":"https:\/\/blogsaverroes.juntadeandalucia.es\/ceipmariazambrano\/wp-json\/wp\/v2\/posts\/4187\/revisions"}],"predecessor-version":[{"id":4707,"href":"https:\/\/blogsaverroes.juntadeandalucia.es\/ceipmariazambrano\/wp-json\/wp\/v2\/posts\/4187\/revisions\/4707"}],"wp:featuredmedia":[{"embeddable":true,"href":"https:\/\/blogsaverroes.juntadeandalucia.es\/ceipmariazambrano\/wp-json\/wp\/v2\/media\/4188"}],"wp:attachment":[{"href":"https:\/\/blogsaverroes.juntadeandalucia.es\/ceipmariazambrano\/wp-json\/wp\/v2\/media?parent=4187"}],"wp:term":[{"taxonomy":"category","embeddable":true,"href":"https:\/\/blogsaverroes.juntadeandalucia.es\/ceipmariazambrano\/wp-json\/wp\/v2\/categories?post=4187"},{"taxonomy":"post_tag","embeddable":true,"href":"https:\/\/blogsaverroes.juntadeandalucia.es\/ceipmariazambrano\/wp-json\/wp\/v2\/tags?post=4187"}],"curies":[{"name":"wp","href":"https:\/\/api.w.org\/{rel}","templated":true}]}}