{"id":1199,"date":"2024-04-04T11:54:25","date_gmt":"2024-04-04T10:54:25","guid":{"rendered":"https:\/\/blogsaverroes.juntadeandalucia.es\/ceipmaribanez\/?p=1199"},"modified":"2024-04-04T11:54:25","modified_gmt":"2024-04-04T10:54:25","slug":"de-que-se-trata-el-programa-escuela-espacio-de-paz","status":"publish","type":"post","link":"https:\/\/blogsaverroes.juntadeandalucia.es\/ceipmaribanez\/de-que-se-trata-el-programa-escuela-espacio-de-paz\/","title":{"rendered":"\u00bfDe qu\u00e9 se trata el Programa Escuela Espacio de Paz?"},"content":{"rendered":"<p><span style=\"font-weight: 400\">La Red Andaluza <strong>\u00abEscuela: Espacio de Paz\u00bb<\/strong> es una red de centros interesados en compartir iniciativas, recursos y experiencias para la mejora de la convivencia escolar y la difusi\u00f3n de la Cultura de Paz, contrayendo un compromiso de profundizaci\u00f3n en aspectos concretos de su Plan de Convivencia.<\/span><\/p>\n<p><span style=\"font-weight: 400\">Entre las se\u00f1as de identidad de los centros que la integran destacan la promoci\u00f3n de los valores propios de una <strong>sociedad democr\u00e1tica<\/strong>, el <strong>respeto<\/strong> mutuo, la <strong>igualdad<\/strong>, el <strong>di\u00e1logo<\/strong>, la <strong>solidaridad<\/strong> y la <strong>resoluci\u00f3n pac\u00edfica de los conflictos<\/strong>, contando con la participaci\u00f3n de toda la comunidad educativa en la vida de los centros y la vinculaci\u00f3n e implicaci\u00f3n con su entorno.<\/span><\/p>\n<p><span style=\"font-weight: 400\">Nuestro centro, como enclave que es de vida y crecimiento personal, constituye una fuente natural de conflictos, por lo que la resoluci\u00f3n pac\u00edfica de los mismos, son aut\u00e9nticas oportunidades para aprender a vivir juntos, en un espacio de paz.&nbsp;<\/span><\/p>\n<p><img loading=\"lazy\" decoding=\"async\" class=\"alignnone size-medium wp-image-1200\" src=\"https:\/\/blogsaverroes.juntadeandalucia.es\/ceipmaribanez\/files\/2024\/04\/Logo-RAEEP-color-590x423-copia-300x215.jpg\" alt=\"\" width=\"300\" height=\"215\" srcset=\"https:\/\/blogsaverroes.juntadeandalucia.es\/ceipmaribanez\/files\/2024\/04\/Logo-RAEEP-color-590x423-copia-300x215.jpg 300w, https:\/\/blogsaverroes.juntadeandalucia.es\/ceipmaribanez\/files\/2024\/04\/Logo-RAEEP-color-590x423-copia.jpg 400w\" sizes=\"(max-width: 300px) 100vw, 300px\" \/><\/p>\n<p><span style=\"font-weight: 400\">Desde la Red Andaluza \u00abEscuela: Espacio de Paz\u00bb se proponen<strong> seis \u00e1mbitos de actuaci\u00f3n y profundizaci\u00f3n<\/strong> para la <strong>mejora de la convivencia escolar<\/strong>:<\/span><\/p>\n<ul>\n<li style=\"font-weight: 400\"><span style=\"font-weight: 400\">Mejora desde la gesti\u00f3n y organizaci\u00f3n.<\/span><\/li>\n<li style=\"font-weight: 400\"><span style=\"font-weight: 400\">Desarrollo de la participaci\u00f3n.<\/span><\/li>\n<li style=\"font-weight: 400\"><span style=\"font-weight: 400\">Promoci\u00f3n de la convivencia: desarrollo de valores, actitudes, habilidades y h\u00e1bitos.<\/span><\/li>\n<li style=\"font-weight: 400\"><span style=\"font-weight: 400\">Prevenci\u00f3n de situaciones de riesgo para la convivencia.<\/span><\/li>\n<li style=\"font-weight: 400\"><span style=\"font-weight: 400\">Intervenci\u00f3n ante conductas contrarias a la convivencia.<\/span><\/li>\n<li style=\"font-weight: 400\"><span style=\"font-weight: 400\">Reeducaci\u00f3n de actitudes y restauraci\u00f3n de la convivencia.<\/span><\/li>\n<\/ul>\n","protected":false},"excerpt":{"rendered":"<p>La Red Andaluza \u00abEscuela: Espacio de Paz\u00bb es una red de centros interesados en compartir iniciativas, recursos y experiencias para la mejora de la convivencia escolar y la difusi\u00f3n de la Cultura de Paz,&#46;&#46;&#46;<\/p>\n","protected":false},"author":19412,"featured_media":1200,"comment_status":"closed","ping_status":"open","sticky":false,"template":"","format":"standard","meta":{"ngg_post_thumbnail":0,"footnotes":""},"categories":[10,3],"tags":[],"aioseo_notices":[],"_links":{"self":[{"href":"https:\/\/blogsaverroes.juntadeandalucia.es\/ceipmaribanez\/wp-json\/wp\/v2\/posts\/1199"}],"collection":[{"href":"https:\/\/blogsaverroes.juntadeandalucia.es\/ceipmaribanez\/wp-json\/wp\/v2\/posts"}],"about":[{"href":"https:\/\/blogsaverroes.juntadeandalucia.es\/ceipmaribanez\/wp-json\/wp\/v2\/types\/post"}],"author":[{"embeddable":true,"href":"https:\/\/blogsaverroes.juntadeandalucia.es\/ceipmaribanez\/wp-json\/wp\/v2\/users\/19412"}],"replies":[{"embeddable":true,"href":"https:\/\/blogsaverroes.juntadeandalucia.es\/ceipmaribanez\/wp-json\/wp\/v2\/comments?post=1199"}],"version-history":[{"count":1,"href":"https:\/\/blogsaverroes.juntadeandalucia.es\/ceipmaribanez\/wp-json\/wp\/v2\/posts\/1199\/revisions"}],"predecessor-version":[{"id":1201,"href":"https:\/\/blogsaverroes.juntadeandalucia.es\/ceipmaribanez\/wp-json\/wp\/v2\/posts\/1199\/revisions\/1201"}],"wp:featuredmedia":[{"embeddable":true,"href":"https:\/\/blogsaverroes.juntadeandalucia.es\/ceipmaribanez\/wp-json\/wp\/v2\/media\/1200"}],"wp:attachment":[{"href":"https:\/\/blogsaverroes.juntadeandalucia.es\/ceipmaribanez\/wp-json\/wp\/v2\/media?parent=1199"}],"wp:term":[{"taxonomy":"category","embeddable":true,"href":"https:\/\/blogsaverroes.juntadeandalucia.es\/ceipmaribanez\/wp-json\/wp\/v2\/categories?post=1199"},{"taxonomy":"post_tag","embeddable":true,"href":"https:\/\/blogsaverroes.juntadeandalucia.es\/ceipmaribanez\/wp-json\/wp\/v2\/tags?post=1199"}],"curies":[{"name":"wp","href":"https:\/\/api.w.org\/{rel}","templated":true}]}}