{"id":1208,"date":"2024-04-11T11:04:25","date_gmt":"2024-04-11T10:04:25","guid":{"rendered":"https:\/\/blogsaverroes.juntadeandalucia.es\/ceipmaribanez\/?p=1208"},"modified":"2024-04-11T11:04:25","modified_gmt":"2024-04-11T10:04:25","slug":"asi-es-nuestra-biblioteca","status":"publish","type":"post","link":"https:\/\/blogsaverroes.juntadeandalucia.es\/ceipmaribanez\/asi-es-nuestra-biblioteca\/","title":{"rendered":"As\u00ed es nuestra biblioteca"},"content":{"rendered":"<blockquote>\n<p style=\"text-align: center\"><em><span style=\"font-size: 18pt\">&#8220;\u00bfYa podemos ir a la biblioteca? Pero\u2026 \u00bfcu\u00e1ndo se va a abrir? &#8220;<\/span><\/em><\/p>\n<\/blockquote>\n<p>\u00c9stas eran las preguntas del alumnado&nbsp; en abril del curso pasado. Pues s\u00ed, nuestra biblioteca Platero se inaugur\u00f3 coincidiendo con el d\u00eda internacional del libro, el 23 de abril.<\/p>\n<p><img loading=\"lazy\" decoding=\"async\" class=\"wp-image-1218 size-full alignleft\" src=\"https:\/\/blogsaverroes.juntadeandalucia.es\/ceipmaribanez\/files\/2024\/04\/BIBLIO.png\" alt=\"\" width=\"906\" height=\"517\" srcset=\"https:\/\/blogsaverroes.juntadeandalucia.es\/ceipmaribanez\/files\/2024\/04\/BIBLIO.png 906w, https:\/\/blogsaverroes.juntadeandalucia.es\/ceipmaribanez\/files\/2024\/04\/BIBLIO-300x171.png 300w, https:\/\/blogsaverroes.juntadeandalucia.es\/ceipmaribanez\/files\/2024\/04\/BIBLIO-768x438.png 768w\" sizes=\"(max-width: 906px) 100vw, 906px\" \/> &nbsp;<\/p>\n<p>&nbsp;<\/p>\n<p>&nbsp;<\/p>\n<p>&nbsp;<\/p>\n<p>&nbsp;<\/p>\n<p>&nbsp;<\/p>\n<p>&nbsp;<\/p>\n<p>&nbsp;<\/p>\n<p>&nbsp;<\/p>\n<p>&nbsp;<\/p>\n<p>&nbsp;<\/p>\n<p>&nbsp;<\/p>\n<p>&nbsp;<\/p>\n<p>&nbsp;<\/p>\n<p>Nuestro alumnado&nbsp; pudo disfrutarla llev\u00e1ndose libros y participando en divertidas&nbsp; actividades&nbsp; que se han realizado.<\/p>\n<p>\u00a1Veamos algunas de ellas!<\/p>\n<p>&nbsp;<\/p>\n<p><span style=\"font-size: 18pt\"><strong><em>Actividades interdisciplinares.<\/em><\/strong><\/span><\/p>\n<p><img loading=\"lazy\" decoding=\"async\" class=\"alignnone wp-image-1209 size-full\" src=\"https:\/\/blogsaverroes.juntadeandalucia.es\/ceipmaribanez\/files\/2024\/04\/biblio-2.png\" alt=\"\" width=\"894\" height=\"506\" srcset=\"https:\/\/blogsaverroes.juntadeandalucia.es\/ceipmaribanez\/files\/2024\/04\/biblio-2.png 894w, https:\/\/blogsaverroes.juntadeandalucia.es\/ceipmaribanez\/files\/2024\/04\/biblio-2-300x170.png 300w, https:\/\/blogsaverroes.juntadeandalucia.es\/ceipmaribanez\/files\/2024\/04\/biblio-2-768x435.png 768w\" sizes=\"(max-width: 894px) 100vw, 894px\" \/><\/p>\n<p><span style=\"font-size: 18pt\"><em><strong>Din\u00e1micas relacionadas con el Plan de Igualdad.<\/strong><\/em><\/span><\/p>\n<p><img loading=\"lazy\" decoding=\"async\" class=\"alignnone wp-image-1210 size-full\" src=\"https:\/\/blogsaverroes.juntadeandalucia.es\/ceipmaribanez\/files\/2024\/04\/biblio-3.png\" alt=\"\" width=\"901\" height=\"732\" srcset=\"https:\/\/blogsaverroes.juntadeandalucia.es\/ceipmaribanez\/files\/2024\/04\/biblio-3.png 901w, https:\/\/blogsaverroes.juntadeandalucia.es\/ceipmaribanez\/files\/2024\/04\/biblio-3-300x244.png 300w, https:\/\/blogsaverroes.juntadeandalucia.es\/ceipmaribanez\/files\/2024\/04\/biblio-3-768x624.png 768w\" sizes=\"(max-width: 901px) 100vw, 901px\" \/><\/p>\n<p><span style=\"font-size: 18pt\"><em><strong>Tertulias dial\u00f3gicas.<\/strong><\/em><\/span><\/p>\n<p><img loading=\"lazy\" decoding=\"async\" class=\"alignnone wp-image-1211 size-full\" src=\"https:\/\/blogsaverroes.juntadeandalucia.es\/ceipmaribanez\/files\/2024\/04\/biblio-4.png\" alt=\"\" width=\"893\" height=\"675\" srcset=\"https:\/\/blogsaverroes.juntadeandalucia.es\/ceipmaribanez\/files\/2024\/04\/biblio-4.png 893w, https:\/\/blogsaverroes.juntadeandalucia.es\/ceipmaribanez\/files\/2024\/04\/biblio-4-300x227.png 300w, https:\/\/blogsaverroes.juntadeandalucia.es\/ceipmaribanez\/files\/2024\/04\/biblio-4-768x581.png 768w\" sizes=\"(max-width: 893px) 100vw, 893px\" \/><\/p>\n<p><span style=\"font-size: 18pt\"><strong><em>Teatralizaciones de marionetas por parte de las familias.<\/em><\/strong><\/span><\/p>\n<p><img loading=\"lazy\" decoding=\"async\" class=\"alignnone wp-image-1212 size-full\" src=\"https:\/\/blogsaverroes.juntadeandalucia.es\/ceipmaribanez\/files\/2024\/04\/biblio-5.png\" alt=\"\" width=\"904\" height=\"517\" srcset=\"https:\/\/blogsaverroes.juntadeandalucia.es\/ceipmaribanez\/files\/2024\/04\/biblio-5.png 904w, https:\/\/blogsaverroes.juntadeandalucia.es\/ceipmaribanez\/files\/2024\/04\/biblio-5-300x172.png 300w, https:\/\/blogsaverroes.juntadeandalucia.es\/ceipmaribanez\/files\/2024\/04\/biblio-5-768x439.png 768w\" sizes=\"(max-width: 904px) 100vw, 904px\" \/><\/p>\n<p><span style=\"font-size: 18pt\"><strong><em>Concursos literarios.<\/em><\/strong><\/span><\/p>\n<p><img loading=\"lazy\" decoding=\"async\" class=\"alignnone wp-image-1213 size-full\" src=\"https:\/\/blogsaverroes.juntadeandalucia.es\/ceipmaribanez\/files\/2024\/04\/biblio-6.png\" alt=\"\" width=\"441\" height=\"579\" srcset=\"https:\/\/blogsaverroes.juntadeandalucia.es\/ceipmaribanez\/files\/2024\/04\/biblio-6.png 441w, https:\/\/blogsaverroes.juntadeandalucia.es\/ceipmaribanez\/files\/2024\/04\/biblio-6-228x300.png 228w\" sizes=\"(max-width: 441px) 100vw, 441px\" \/><\/p>\n<p><span style=\"font-size: 18pt\"><em><strong>Lecturas en el patio.<\/strong><\/em><\/span><\/p>\n<p><img loading=\"lazy\" decoding=\"async\" class=\"alignnone wp-image-1214 size-full\" src=\"https:\/\/blogsaverroes.juntadeandalucia.es\/ceipmaribanez\/files\/2024\/04\/biblio-7.png\" alt=\"\" width=\"872\" height=\"490\" srcset=\"https:\/\/blogsaverroes.juntadeandalucia.es\/ceipmaribanez\/files\/2024\/04\/biblio-7.png 872w, https:\/\/blogsaverroes.juntadeandalucia.es\/ceipmaribanez\/files\/2024\/04\/biblio-7-300x169.png 300w, https:\/\/blogsaverroes.juntadeandalucia.es\/ceipmaribanez\/files\/2024\/04\/biblio-7-768x432.png 768w\" sizes=\"(max-width: 872px) 100vw, 872px\" \/><\/p>\n<p><span style=\"font-size: 18pt\"><strong><em>Encuentro con autoras y autores.<\/em><\/strong><\/span><\/p>\n<p><img loading=\"lazy\" decoding=\"async\" class=\"alignnone wp-image-1215 size-full\" src=\"https:\/\/blogsaverroes.juntadeandalucia.es\/ceipmaribanez\/files\/2024\/04\/biblio-8.png\" alt=\"\" width=\"878\" height=\"495\" srcset=\"https:\/\/blogsaverroes.juntadeandalucia.es\/ceipmaribanez\/files\/2024\/04\/biblio-8.png 878w, https:\/\/blogsaverroes.juntadeandalucia.es\/ceipmaribanez\/files\/2024\/04\/biblio-8-300x169.png 300w, https:\/\/blogsaverroes.juntadeandalucia.es\/ceipmaribanez\/files\/2024\/04\/biblio-8-768x433.png 768w\" sizes=\"(max-width: 878px) 100vw, 878px\" \/> <img loading=\"lazy\" decoding=\"async\" class=\"alignnone wp-image-1216 size-full\" src=\"https:\/\/blogsaverroes.juntadeandalucia.es\/ceipmaribanez\/files\/2024\/04\/biblio-9.png\" alt=\"\" width=\"890\" height=\"505\" srcset=\"https:\/\/blogsaverroes.juntadeandalucia.es\/ceipmaribanez\/files\/2024\/04\/biblio-9.png 890w, https:\/\/blogsaverroes.juntadeandalucia.es\/ceipmaribanez\/files\/2024\/04\/biblio-9-300x170.png 300w, https:\/\/blogsaverroes.juntadeandalucia.es\/ceipmaribanez\/files\/2024\/04\/biblio-9-768x436.png 768w\" sizes=\"(max-width: 890px) 100vw, 890px\" \/><\/p>\n<p>&nbsp;<\/p>\n<p class=\"normal\"><span lang=\"es\" style=\"font-size: 12pt;line-height: 115%\">Recientemente hemos hecho una renovaci\u00f3n de los vol\u00famenes disponibles para cada ciclo de Infantil y Primaria.<\/span><\/p>\n<p><img loading=\"lazy\" decoding=\"async\" class=\"alignnone wp-image-1217 size-full\" src=\"https:\/\/blogsaverroes.juntadeandalucia.es\/ceipmaribanez\/files\/2024\/04\/biblio-10.png\" alt=\"\" width=\"900\" height=\"510\" srcset=\"https:\/\/blogsaverroes.juntadeandalucia.es\/ceipmaribanez\/files\/2024\/04\/biblio-10.png 900w, https:\/\/blogsaverroes.juntadeandalucia.es\/ceipmaribanez\/files\/2024\/04\/biblio-10-300x170.png 300w, https:\/\/blogsaverroes.juntadeandalucia.es\/ceipmaribanez\/files\/2024\/04\/biblio-10-768x435.png 768w\" sizes=\"(max-width: 900px) 100vw, 900px\" \/><\/p>\n<p>&nbsp;<\/p>\n","protected":false},"excerpt":{"rendered":"<p>&#8220;\u00bfYa podemos ir a la biblioteca? Pero\u2026 \u00bfcu\u00e1ndo se va a abrir? &#8220; \u00c9stas eran las preguntas del alumnado&nbsp; en abril del curso pasado. Pues s\u00ed, nuestra biblioteca Platero se inaugur\u00f3 coincidiendo con el&#46;&#46;&#46;<\/p>\n","protected":false},"author":19412,"featured_media":1217,"comment_status":"closed","ping_status":"open","sticky":false,"template":"","format":"standard","meta":{"ngg_post_thumbnail":0,"footnotes":""},"categories":[14,3],"tags":[],"aioseo_notices":[],"_links":{"self":[{"href":"https:\/\/blogsaverroes.juntadeandalucia.es\/ceipmaribanez\/wp-json\/wp\/v2\/posts\/1208"}],"collection":[{"href":"https:\/\/blogsaverroes.juntadeandalucia.es\/ceipmaribanez\/wp-json\/wp\/v2\/posts"}],"about":[{"href":"https:\/\/blogsaverroes.juntadeandalucia.es\/ceipmaribanez\/wp-json\/wp\/v2\/types\/post"}],"author":[{"embeddable":true,"href":"https:\/\/blogsaverroes.juntadeandalucia.es\/ceipmaribanez\/wp-json\/wp\/v2\/users\/19412"}],"replies":[{"embeddable":true,"href":"https:\/\/blogsaverroes.juntadeandalucia.es\/ceipmaribanez\/wp-json\/wp\/v2\/comments?post=1208"}],"version-history":[{"count":1,"href":"https:\/\/blogsaverroes.juntadeandalucia.es\/ceipmaribanez\/wp-json\/wp\/v2\/posts\/1208\/revisions"}],"predecessor-version":[{"id":1219,"href":"https:\/\/blogsaverroes.juntadeandalucia.es\/ceipmaribanez\/wp-json\/wp\/v2\/posts\/1208\/revisions\/1219"}],"wp:featuredmedia":[{"embeddable":true,"href":"https:\/\/blogsaverroes.juntadeandalucia.es\/ceipmaribanez\/wp-json\/wp\/v2\/media\/1217"}],"wp:attachment":[{"href":"https:\/\/blogsaverroes.juntadeandalucia.es\/ceipmaribanez\/wp-json\/wp\/v2\/media?parent=1208"}],"wp:term":[{"taxonomy":"category","embeddable":true,"href":"https:\/\/blogsaverroes.juntadeandalucia.es\/ceipmaribanez\/wp-json\/wp\/v2\/categories?post=1208"},{"taxonomy":"post_tag","embeddable":true,"href":"https:\/\/blogsaverroes.juntadeandalucia.es\/ceipmaribanez\/wp-json\/wp\/v2\/tags?post=1208"}],"curies":[{"name":"wp","href":"https:\/\/api.w.org\/{rel}","templated":true}]}}