{"id":1289,"date":"2025-04-07T12:04:24","date_gmt":"2025-04-07T11:04:24","guid":{"rendered":"https:\/\/blogsaverroes.juntadeandalucia.es\/ceipmaribanez\/?p=1289"},"modified":"2025-04-07T12:04:33","modified_gmt":"2025-04-07T11:04:33","slug":"feria-medieval","status":"publish","type":"post","link":"https:\/\/blogsaverroes.juntadeandalucia.es\/ceipmaribanez\/feria-medieval\/","title":{"rendered":"FERIA MEDIEVAL"},"content":{"rendered":"<p class=\"\" data-start=\"77\" data-end=\"128\"><strong data-start=\"77\" data-end=\"128\">\u00a1As\u00ed vivimos los talleres de la Feria Medieval!<\/strong><\/p>\n<p class=\"\" data-start=\"130\" data-end=\"419\">El pasado viernes celebramos en el colegio los esperados talleres de la Feria Medieval. Aunque la lluvia nos oblig\u00f3 a trasladar la actividad al interior del centro y no pudimos disfrutar de la plaza del pueblo como estaba previsto, el entusiasmo y la alegr\u00eda no faltaron en ning\u00fan momento.<\/p>\n<p class=\"\" data-start=\"421\" data-end=\"571\">Nuestro alumnado se lo pas\u00f3 en grande participando en las distintas propuestas, aprendiendo y divirti\u00e9ndose mientras viajaban por un d\u00eda a otra \u00e9poca.<\/p>\n<p class=\"\" data-start=\"573\" data-end=\"776\">Queremos agradecer especialmente la colaboraci\u00f3n de las familias y de la Asociaci\u00f3n de Vecinos, cuyo apoyo ha sido fundamental para que la jornada fuera un \u00e9xito. \u00a1Gracias por hacerlo posible un a\u00f1o m\u00e1s!<\/p>\n<p>Para revivir algunos de los mejores momentos, os compartimos el siguiente v\u00eddeo:<br \/>\n<a href=\"https:\/\/youtu.be\/KcTsDs_ZQLA\">https:\/\/youtu.be\/KcTsDs_ZQLA<\/a><\/p>\n","protected":false},"excerpt":{"rendered":"<p>\u00a1As\u00ed vivimos los talleres de la Feria Medieval! El pasado viernes celebramos en el colegio los esperados talleres de la Feria Medieval. Aunque la lluvia nos oblig\u00f3 a trasladar la actividad al interior del&#46;&#46;&#46;<\/p>\n","protected":false},"author":19412,"featured_media":1290,"comment_status":"closed","ping_status":"open","sticky":false,"template":"","format":"standard","meta":{"ngg_post_thumbnail":0,"footnotes":""},"categories":[3],"tags":[],"aioseo_notices":[],"_links":{"self":[{"href":"https:\/\/blogsaverroes.juntadeandalucia.es\/ceipmaribanez\/wp-json\/wp\/v2\/posts\/1289"}],"collection":[{"href":"https:\/\/blogsaverroes.juntadeandalucia.es\/ceipmaribanez\/wp-json\/wp\/v2\/posts"}],"about":[{"href":"https:\/\/blogsaverroes.juntadeandalucia.es\/ceipmaribanez\/wp-json\/wp\/v2\/types\/post"}],"author":[{"embeddable":true,"href":"https:\/\/blogsaverroes.juntadeandalucia.es\/ceipmaribanez\/wp-json\/wp\/v2\/users\/19412"}],"replies":[{"embeddable":true,"href":"https:\/\/blogsaverroes.juntadeandalucia.es\/ceipmaribanez\/wp-json\/wp\/v2\/comments?post=1289"}],"version-history":[{"count":1,"href":"https:\/\/blogsaverroes.juntadeandalucia.es\/ceipmaribanez\/wp-json\/wp\/v2\/posts\/1289\/revisions"}],"predecessor-version":[{"id":1291,"href":"https:\/\/blogsaverroes.juntadeandalucia.es\/ceipmaribanez\/wp-json\/wp\/v2\/posts\/1289\/revisions\/1291"}],"wp:featuredmedia":[{"embeddable":true,"href":"https:\/\/blogsaverroes.juntadeandalucia.es\/ceipmaribanez\/wp-json\/wp\/v2\/media\/1290"}],"wp:attachment":[{"href":"https:\/\/blogsaverroes.juntadeandalucia.es\/ceipmaribanez\/wp-json\/wp\/v2\/media?parent=1289"}],"wp:term":[{"taxonomy":"category","embeddable":true,"href":"https:\/\/blogsaverroes.juntadeandalucia.es\/ceipmaribanez\/wp-json\/wp\/v2\/categories?post=1289"},{"taxonomy":"post_tag","embeddable":true,"href":"https:\/\/blogsaverroes.juntadeandalucia.es\/ceipmaribanez\/wp-json\/wp\/v2\/tags?post=1289"}],"curies":[{"name":"wp","href":"https:\/\/api.w.org\/{rel}","templated":true}]}}