{"id":1364,"date":"2025-06-16T13:04:59","date_gmt":"2025-06-16T12:04:59","guid":{"rendered":"https:\/\/blogsaverroes.juntadeandalucia.es\/ceipmaribanez\/?p=1364"},"modified":"2025-06-16T13:04:59","modified_gmt":"2025-06-16T12:04:59","slug":"verbena-escolar-2025","status":"publish","type":"post","link":"https:\/\/blogsaverroes.juntadeandalucia.es\/ceipmaribanez\/verbena-escolar-2025\/","title":{"rendered":"Verbena Escolar 2025"},"content":{"rendered":"<p data-start=\"68\" data-end=\"375\">El pasado <strong data-start=\"78\" data-end=\"92\">viernes 13 de junio<\/strong> celebramos la tradicional <strong data-start=\"138\" data-end=\"157\">verbena escolar<\/strong>, organizada con mucho cari\u00f1o por el <strong data-start=\"194\" data-end=\"211\">AMPA Trigales<\/strong>. Fue una velada llena de alegr\u00eda, bailes y una bonita convivencia entre <strong data-start=\"283\" data-end=\"328\">todas las familias y vecinos de Marib\u00e1\u00f1ez<\/strong>, que participaron con entusiasmo y buen \u00e1nimo.<\/p>\n<p data-start=\"377\" data-end=\"617\">Queremos agradecer especialmente a los maestros <strong data-start=\"425\" data-end=\"442\">Juan y Montse<\/strong> por su implicaci\u00f3n y dedicaci\u00f3n en la preparaci\u00f3n de los bailes, que hicieron las delicias de todos los presentes.<\/p>\n<p data-start=\"377\" data-end=\"617\">\u00a1Gracias por hacer de esta verbena un momento tan especial! \ud83c\udf8a\ud83c\udf1f<\/p>\n","protected":false},"excerpt":{"rendered":"<p>El pasado viernes 13 de junio celebramos la tradicional verbena escolar, organizada con mucho cari\u00f1o por el AMPA Trigales. Fue una velada llena de alegr\u00eda, bailes y una bonita convivencia entre todas las familias&#46;&#46;&#46;<\/p>\n","protected":false},"author":19412,"featured_media":1365,"comment_status":"closed","ping_status":"open","sticky":false,"template":"","format":"standard","meta":{"ngg_post_thumbnail":0,"footnotes":""},"categories":[3,4],"tags":[],"aioseo_notices":[],"_links":{"self":[{"href":"https:\/\/blogsaverroes.juntadeandalucia.es\/ceipmaribanez\/wp-json\/wp\/v2\/posts\/1364"}],"collection":[{"href":"https:\/\/blogsaverroes.juntadeandalucia.es\/ceipmaribanez\/wp-json\/wp\/v2\/posts"}],"about":[{"href":"https:\/\/blogsaverroes.juntadeandalucia.es\/ceipmaribanez\/wp-json\/wp\/v2\/types\/post"}],"author":[{"embeddable":true,"href":"https:\/\/blogsaverroes.juntadeandalucia.es\/ceipmaribanez\/wp-json\/wp\/v2\/users\/19412"}],"replies":[{"embeddable":true,"href":"https:\/\/blogsaverroes.juntadeandalucia.es\/ceipmaribanez\/wp-json\/wp\/v2\/comments?post=1364"}],"version-history":[{"count":3,"href":"https:\/\/blogsaverroes.juntadeandalucia.es\/ceipmaribanez\/wp-json\/wp\/v2\/posts\/1364\/revisions"}],"predecessor-version":[{"id":1368,"href":"https:\/\/blogsaverroes.juntadeandalucia.es\/ceipmaribanez\/wp-json\/wp\/v2\/posts\/1364\/revisions\/1368"}],"wp:featuredmedia":[{"embeddable":true,"href":"https:\/\/blogsaverroes.juntadeandalucia.es\/ceipmaribanez\/wp-json\/wp\/v2\/media\/1365"}],"wp:attachment":[{"href":"https:\/\/blogsaverroes.juntadeandalucia.es\/ceipmaribanez\/wp-json\/wp\/v2\/media?parent=1364"}],"wp:term":[{"taxonomy":"category","embeddable":true,"href":"https:\/\/blogsaverroes.juntadeandalucia.es\/ceipmaribanez\/wp-json\/wp\/v2\/categories?post=1364"},{"taxonomy":"post_tag","embeddable":true,"href":"https:\/\/blogsaverroes.juntadeandalucia.es\/ceipmaribanez\/wp-json\/wp\/v2\/tags?post=1364"}],"curies":[{"name":"wp","href":"https:\/\/api.w.org\/{rel}","templated":true}]}}