{"id":2345,"date":"2020-05-13T21:48:04","date_gmt":"2020-05-13T21:48:04","guid":{"rendered":"http:\/\/blogsaverroes.juntadeandalucia.es\/ceipmedinaolmos\/?p=2345"},"modified":"2020-06-24T11:20:13","modified_gmt":"2020-06-24T11:20:13","slug":"2345","status":"publish","type":"post","link":"https:\/\/blogsaverroes.juntadeandalucia.es\/ceipmedinaolmos\/2020\/05\/13\/2345\/","title":{"rendered":"Reabierto el Proceso de Escolarizaci\u00f3n"},"content":{"rendered":"<p>Desde el lunes 18 de mayo se reabre el proceso de admisi\u00f3n que qued\u00f3 suspendido por el estado de alarma.<\/p>\n<p>Podr\u00e1n acudir al centro <strong>solicitando cita<\/strong> en el tel\u00e9fono<strong> 600148183<\/strong> de 9:00 a 14:00.<\/p>\n<p>El horario de atenci\u00f3n al p\u00fablico para recepcionar documentaci\u00f3n pendiente de aportar o nuevas solicitudes es de 11:00 a 13:30, <strong>siempre con cita previa.<\/strong><\/p>\n<p><strong>Se recuerda la obligatoriedad de acceder al centro con mascarilla y guantes<\/strong> adem\u00e1s de llevar bol\u00edgrafo propio si necesita cumplimentar alg\u00fan documento.<\/p>\n<p><a href=\"https:\/\/blogsaverroes.juntadeandalucia.es\/ceipmedinaolmos\/files\/2020\/05\/CartelMO.jpg\"><img loading=\"lazy\" decoding=\"async\" class=\"size-medium wp-image-2348 aligncenter\" src=\"https:\/\/blogsaverroes.juntadeandalucia.es\/ceipmedinaolmos\/files\/2020\/05\/CartelMO-212x300.jpg\" alt=\"\" width=\"212\" height=\"300\" srcset=\"https:\/\/blogsaverroes.juntadeandalucia.es\/ceipmedinaolmos\/files\/2020\/05\/CartelMO-212x300.jpg 212w, https:\/\/blogsaverroes.juntadeandalucia.es\/ceipmedinaolmos\/files\/2020\/05\/CartelMO-768x1086.jpg 768w, https:\/\/blogsaverroes.juntadeandalucia.es\/ceipmedinaolmos\/files\/2020\/05\/CartelMO-724x1024.jpg 724w, https:\/\/blogsaverroes.juntadeandalucia.es\/ceipmedinaolmos\/files\/2020\/05\/CartelMO-700x990.jpg 700w, https:\/\/blogsaverroes.juntadeandalucia.es\/ceipmedinaolmos\/files\/2020\/05\/CartelMO-17x24.jpg 17w, https:\/\/blogsaverroes.juntadeandalucia.es\/ceipmedinaolmos\/files\/2020\/05\/CartelMO-25x36.jpg 25w, https:\/\/blogsaverroes.juntadeandalucia.es\/ceipmedinaolmos\/files\/2020\/05\/CartelMO-34x48.jpg 34w, https:\/\/blogsaverroes.juntadeandalucia.es\/ceipmedinaolmos\/files\/2020\/05\/CartelMO.jpg 934w\" sizes=\"(max-width: 212px) 100vw, 212px\" \/><\/a><\/p>\n<p>Para su comodidad le recordamos que puede realizar el tr\u00e1mite desde la <a href=\"https:\/\/www.juntadeandalucia.es\/educacion\/secretariavirtual\/accesoTramite\/439\/\">Secretaria virtual<\/a> accediendo solamente con su DNI y un n\u00famero de tel\u00e9fono o desde la aplicaci\u00f3n <a href=\"https:\/\/play.google.com\/store\/apps\/details?id=es.juntadeandalucia.ced.escolarizacion&amp;hl=es\">iEscolariza<\/a>&nbsp;disponible en Google Pay y AppStore.<\/p>\n","protected":false},"excerpt":{"rendered":"<p>Desde el lunes 18 de mayo se reabre el proceso de admisi\u00f3n que qued\u00f3 suspendido por el estado de alarma. Podr\u00e1n acudir al centro solicitando cita en el tel\u00e9fono 600148183 de 9:00 a 14:00.&#46;&#46;&#46;<\/p>\n","protected":false},"author":3816,"featured_media":2348,"comment_status":"closed","ping_status":"open","sticky":false,"template":"","format":"standard","meta":{"ngg_post_thumbnail":0,"footnotes":""},"categories":[921972,307390],"tags":[8689],"aioseo_notices":[],"_links":{"self":[{"href":"https:\/\/blogsaverroes.juntadeandalucia.es\/ceipmedinaolmos\/wp-json\/wp\/v2\/posts\/2345"}],"collection":[{"href":"https:\/\/blogsaverroes.juntadeandalucia.es\/ceipmedinaolmos\/wp-json\/wp\/v2\/posts"}],"about":[{"href":"https:\/\/blogsaverroes.juntadeandalucia.es\/ceipmedinaolmos\/wp-json\/wp\/v2\/types\/post"}],"author":[{"embeddable":true,"href":"https:\/\/blogsaverroes.juntadeandalucia.es\/ceipmedinaolmos\/wp-json\/wp\/v2\/users\/3816"}],"replies":[{"embeddable":true,"href":"https:\/\/blogsaverroes.juntadeandalucia.es\/ceipmedinaolmos\/wp-json\/wp\/v2\/comments?post=2345"}],"version-history":[{"count":4,"href":"https:\/\/blogsaverroes.juntadeandalucia.es\/ceipmedinaolmos\/wp-json\/wp\/v2\/posts\/2345\/revisions"}],"predecessor-version":[{"id":2355,"href":"https:\/\/blogsaverroes.juntadeandalucia.es\/ceipmedinaolmos\/wp-json\/wp\/v2\/posts\/2345\/revisions\/2355"}],"wp:featuredmedia":[{"embeddable":true,"href":"https:\/\/blogsaverroes.juntadeandalucia.es\/ceipmedinaolmos\/wp-json\/wp\/v2\/media\/2348"}],"wp:attachment":[{"href":"https:\/\/blogsaverroes.juntadeandalucia.es\/ceipmedinaolmos\/wp-json\/wp\/v2\/media?parent=2345"}],"wp:term":[{"taxonomy":"category","embeddable":true,"href":"https:\/\/blogsaverroes.juntadeandalucia.es\/ceipmedinaolmos\/wp-json\/wp\/v2\/categories?post=2345"},{"taxonomy":"post_tag","embeddable":true,"href":"https:\/\/blogsaverroes.juntadeandalucia.es\/ceipmedinaolmos\/wp-json\/wp\/v2\/tags?post=2345"}],"curies":[{"name":"wp","href":"https:\/\/api.w.org\/{rel}","templated":true}]}}