{"id":2496,"date":"2020-11-30T18:17:33","date_gmt":"2020-11-30T18:17:33","guid":{"rendered":"http:\/\/blogsaverroes.juntadeandalucia.es\/ceipmedinaolmos\/?p=2496"},"modified":"2021-03-04T16:13:47","modified_gmt":"2021-03-04T16:13:47","slug":"dia-de-la-discapacidad","status":"publish","type":"post","link":"https:\/\/blogsaverroes.juntadeandalucia.es\/ceipmedinaolmos\/2020\/11\/30\/dia-de-la-discapacidad\/","title":{"rendered":"D\u00cdA DE LA DISCAPACIDAD"},"content":{"rendered":"<p>El 4 de Diciembre se celebra el d\u00eda de la discapacidad y para ello el Equipo de Orientaci\u00f3n del CEIP Medina Olmos se invita a una sesi\u00f3n de cine por en cualquiera de las 10 salas disponibles.<\/p>\n<p><a href=\"https:\/\/blogsaverroes.juntadeandalucia.es\/ceipmedinaolmos\/files\/2020\/11\/4-diciembre.png\"><img loading=\"lazy\" decoding=\"async\" class=\"size-medium wp-image-2497 aligncenter\" src=\"https:\/\/blogsaverroes.juntadeandalucia.es\/ceipmedinaolmos\/files\/2020\/11\/4-diciembre-300x264.png\" alt=\"\" width=\"300\" height=\"264\" srcset=\"https:\/\/blogsaverroes.juntadeandalucia.es\/ceipmedinaolmos\/files\/2020\/11\/4-diciembre-300x264.png 300w, https:\/\/blogsaverroes.juntadeandalucia.es\/ceipmedinaolmos\/files\/2020\/11\/4-diciembre-24x21.png 24w, https:\/\/blogsaverroes.juntadeandalucia.es\/ceipmedinaolmos\/files\/2020\/11\/4-diciembre-36x32.png 36w, https:\/\/blogsaverroes.juntadeandalucia.es\/ceipmedinaolmos\/files\/2020\/11\/4-diciembre-48x42.png 48w, https:\/\/blogsaverroes.juntadeandalucia.es\/ceipmedinaolmos\/files\/2020\/11\/4-diciembre.png 371w\" sizes=\"(max-width: 300px) 100vw, 300px\" \/><\/a><\/p>\n","protected":false},"excerpt":{"rendered":"<p>El 4 de Diciembre se celebra el d\u00eda de la discapacidad y para ello el Equipo de Orientaci\u00f3n del CEIP Medina Olmos se invita a una sesi\u00f3n de cine por en cualquiera de las&#46;&#46;&#46;<\/p>\n","protected":false},"author":3816,"featured_media":2497,"comment_status":"open","ping_status":"open","sticky":false,"template":"","format":"standard","meta":{"ngg_post_thumbnail":0,"footnotes":""},"categories":[11909],"tags":[921987,921986],"aioseo_notices":[],"_links":{"self":[{"href":"https:\/\/blogsaverroes.juntadeandalucia.es\/ceipmedinaolmos\/wp-json\/wp\/v2\/posts\/2496"}],"collection":[{"href":"https:\/\/blogsaverroes.juntadeandalucia.es\/ceipmedinaolmos\/wp-json\/wp\/v2\/posts"}],"about":[{"href":"https:\/\/blogsaverroes.juntadeandalucia.es\/ceipmedinaolmos\/wp-json\/wp\/v2\/types\/post"}],"author":[{"embeddable":true,"href":"https:\/\/blogsaverroes.juntadeandalucia.es\/ceipmedinaolmos\/wp-json\/wp\/v2\/users\/3816"}],"replies":[{"embeddable":true,"href":"https:\/\/blogsaverroes.juntadeandalucia.es\/ceipmedinaolmos\/wp-json\/wp\/v2\/comments?post=2496"}],"version-history":[{"count":1,"href":"https:\/\/blogsaverroes.juntadeandalucia.es\/ceipmedinaolmos\/wp-json\/wp\/v2\/posts\/2496\/revisions"}],"predecessor-version":[{"id":2498,"href":"https:\/\/blogsaverroes.juntadeandalucia.es\/ceipmedinaolmos\/wp-json\/wp\/v2\/posts\/2496\/revisions\/2498"}],"wp:featuredmedia":[{"embeddable":true,"href":"https:\/\/blogsaverroes.juntadeandalucia.es\/ceipmedinaolmos\/wp-json\/wp\/v2\/media\/2497"}],"wp:attachment":[{"href":"https:\/\/blogsaverroes.juntadeandalucia.es\/ceipmedinaolmos\/wp-json\/wp\/v2\/media?parent=2496"}],"wp:term":[{"taxonomy":"category","embeddable":true,"href":"https:\/\/blogsaverroes.juntadeandalucia.es\/ceipmedinaolmos\/wp-json\/wp\/v2\/categories?post=2496"},{"taxonomy":"post_tag","embeddable":true,"href":"https:\/\/blogsaverroes.juntadeandalucia.es\/ceipmedinaolmos\/wp-json\/wp\/v2\/tags?post=2496"}],"curies":[{"name":"wp","href":"https:\/\/api.w.org\/{rel}","templated":true}]}}