{"id":3520,"date":"2021-06-18T15:30:11","date_gmt":"2021-06-18T15:30:11","guid":{"rendered":"https:\/\/blogsaverroes.juntadeandalucia.es\/ceipmiguelhernandez\/?p=3520"},"modified":"2021-06-18T15:30:11","modified_gmt":"2021-06-18T15:30:11","slug":"fiesta-de-fin-de-curso-2021","status":"publish","type":"post","link":"https:\/\/blogsaverroes.juntadeandalucia.es\/ceipmiguelhernandez\/fiesta-de-fin-de-curso-2021\/","title":{"rendered":"FIESTA DE FIN DE CURSO 2021."},"content":{"rendered":"<p>Este a\u00f1o no hemos podido celebrar nuestra tradicional \u00abFiesta de Fin de curso\u00bb como nos hubiese gustado.<\/p>\n<p>Nos hemos tenido que adaptar&nbsp; a las nuevas circunstancias debido a la alerta sanitaria.<\/p>\n<p>Aqu\u00ed pod\u00e9is ver el video creado para esta ocasi\u00f3n y esperamos que pronto podamos volver a disfrutar de nuestra fiesta como todos estos a\u00f1os atr\u00e1s.<\/p>\n<p><iframe loading=\"lazy\" title=\"Fin de curso 2021.\" width=\"525\" height=\"295\" src=\"https:\/\/www.youtube.com\/embed\/D69NwWHteTc?feature=oembed\" frameborder=\"0\" allow=\"accelerometer; autoplay; clipboard-write; encrypted-media; gyroscope; picture-in-picture\" allowfullscreen><\/iframe><\/p>\n","protected":false},"excerpt":{"rendered":"<p>Este a\u00f1o no hemos podido celebrar nuestra tradicional \u00abFiesta de Fin de curso\u00bb como nos hubiese gustado. Nos hemos tenido que adaptar&nbsp; a las nuevas circunstancias debido a la alerta sanitaria. Aqu\u00ed pod\u00e9is ver el video creado para esta ocasi\u00f3n y esperamos que pronto podamos volver a disfrutar de nuestra fiesta como todos estos a\u00f1os &hellip; <\/p>\n<p class=\"link-more\"><a href=\"https:\/\/blogsaverroes.juntadeandalucia.es\/ceipmiguelhernandez\/fiesta-de-fin-de-curso-2021\/\" class=\"more-link\">Continuar leyendo<span class=\"screen-reader-text\"> \u00abFIESTA DE FIN DE CURSO 2021.\u00bb<\/span><\/a><\/p>\n","protected":false},"author":10403,"featured_media":0,"comment_status":"open","ping_status":"open","sticky":false,"template":"","format":"standard","meta":{"ngg_post_thumbnail":0,"footnotes":""},"categories":[11909],"tags":[],"aioseo_notices":[],"_links":{"self":[{"href":"https:\/\/blogsaverroes.juntadeandalucia.es\/ceipmiguelhernandez\/wp-json\/wp\/v2\/posts\/3520"}],"collection":[{"href":"https:\/\/blogsaverroes.juntadeandalucia.es\/ceipmiguelhernandez\/wp-json\/wp\/v2\/posts"}],"about":[{"href":"https:\/\/blogsaverroes.juntadeandalucia.es\/ceipmiguelhernandez\/wp-json\/wp\/v2\/types\/post"}],"author":[{"embeddable":true,"href":"https:\/\/blogsaverroes.juntadeandalucia.es\/ceipmiguelhernandez\/wp-json\/wp\/v2\/users\/10403"}],"replies":[{"embeddable":true,"href":"https:\/\/blogsaverroes.juntadeandalucia.es\/ceipmiguelhernandez\/wp-json\/wp\/v2\/comments?post=3520"}],"version-history":[{"count":1,"href":"https:\/\/blogsaverroes.juntadeandalucia.es\/ceipmiguelhernandez\/wp-json\/wp\/v2\/posts\/3520\/revisions"}],"predecessor-version":[{"id":3521,"href":"https:\/\/blogsaverroes.juntadeandalucia.es\/ceipmiguelhernandez\/wp-json\/wp\/v2\/posts\/3520\/revisions\/3521"}],"wp:attachment":[{"href":"https:\/\/blogsaverroes.juntadeandalucia.es\/ceipmiguelhernandez\/wp-json\/wp\/v2\/media?parent=3520"}],"wp:term":[{"taxonomy":"category","embeddable":true,"href":"https:\/\/blogsaverroes.juntadeandalucia.es\/ceipmiguelhernandez\/wp-json\/wp\/v2\/categories?post=3520"},{"taxonomy":"post_tag","embeddable":true,"href":"https:\/\/blogsaverroes.juntadeandalucia.es\/ceipmiguelhernandez\/wp-json\/wp\/v2\/tags?post=3520"}],"curies":[{"name":"wp","href":"https:\/\/api.w.org\/{rel}","templated":true}]}}