{"id":3543,"date":"2021-09-04T14:10:59","date_gmt":"2021-09-04T14:10:59","guid":{"rendered":"https:\/\/blogsaverroes.juntadeandalucia.es\/ceipmiguelhernandez\/?p=3543"},"modified":"2021-09-04T14:15:24","modified_gmt":"2021-09-04T14:15:24","slug":"normas-covid-19","status":"publish","type":"post","link":"https:\/\/blogsaverroes.juntadeandalucia.es\/ceipmiguelhernandez\/normas-covid-19\/","title":{"rendered":"NORMAS COVID 19."},"content":{"rendered":"<p>&nbsp;<\/p>\n<p><a href=\"https:\/\/blogsaverroes.juntadeandalucia.es\/ceipmiguelhernandez\/files\/2021\/09\/PicsArt_09-04-09.29.27.png\"><img loading=\"lazy\" decoding=\"async\" class=\" wp-image-3533 aligncenter\" src=\"https:\/\/blogsaverroes.juntadeandalucia.es\/ceipmiguelhernandez\/files\/2021\/09\/PicsArt_09-04-09.29.27-300x84.png\" alt=\"\" width=\"486\" height=\"136\" srcset=\"https:\/\/blogsaverroes.juntadeandalucia.es\/ceipmiguelhernandez\/files\/2021\/09\/PicsArt_09-04-09.29.27-300x84.png 300w, https:\/\/blogsaverroes.juntadeandalucia.es\/ceipmiguelhernandez\/files\/2021\/09\/PicsArt_09-04-09.29.27-1024x288.png 1024w, https:\/\/blogsaverroes.juntadeandalucia.es\/ceipmiguelhernandez\/files\/2021\/09\/PicsArt_09-04-09.29.27-768x216.png 768w, https:\/\/blogsaverroes.juntadeandalucia.es\/ceipmiguelhernandez\/files\/2021\/09\/PicsArt_09-04-09.29.27-1536x432.png 1536w, https:\/\/blogsaverroes.juntadeandalucia.es\/ceipmiguelhernandez\/files\/2021\/09\/PicsArt_09-04-09.29.27-2048x577.png 2048w, https:\/\/blogsaverroes.juntadeandalucia.es\/ceipmiguelhernandez\/files\/2021\/09\/PicsArt_09-04-09.29.27.png 1600w\" sizes=\"(max-width: 486px) 100vw, 486px\" \/><\/a><\/p>\n<p>En el siguiente enlace pod\u00e9is descargar un d\u00edptico con la informaci\u00f3n m\u00e1s relevante sobre las normas Covid-19 para el CEIP Miguel Hern\u00e1ndez durante el curso 2021-.2022.<\/p>\n<p><a href=\"https:\/\/blogsaverroes.juntadeandalucia.es\/ceipmiguelhernandez\/files\/2021\/09\/Normas_Covid-19_curso_2021-22.pdf\">Normas_Covid-19_curso_2021-22<\/a><\/p>\n","protected":false},"excerpt":{"rendered":"<p>&nbsp; En el siguiente enlace pod\u00e9is descargar un d\u00edptico con la informaci\u00f3n m\u00e1s relevante sobre las normas Covid-19 para el CEIP Miguel Hern\u00e1ndez durante el curso 2021-.2022. Normas_Covid-19_curso_2021-22<\/p>\n","protected":false},"author":10403,"featured_media":0,"comment_status":"open","ping_status":"open","sticky":false,"template":"","format":"standard","meta":{"ngg_post_thumbnail":0,"footnotes":""},"categories":[11909],"tags":[],"aioseo_notices":[],"_links":{"self":[{"href":"https:\/\/blogsaverroes.juntadeandalucia.es\/ceipmiguelhernandez\/wp-json\/wp\/v2\/posts\/3543"}],"collection":[{"href":"https:\/\/blogsaverroes.juntadeandalucia.es\/ceipmiguelhernandez\/wp-json\/wp\/v2\/posts"}],"about":[{"href":"https:\/\/blogsaverroes.juntadeandalucia.es\/ceipmiguelhernandez\/wp-json\/wp\/v2\/types\/post"}],"author":[{"embeddable":true,"href":"https:\/\/blogsaverroes.juntadeandalucia.es\/ceipmiguelhernandez\/wp-json\/wp\/v2\/users\/10403"}],"replies":[{"embeddable":true,"href":"https:\/\/blogsaverroes.juntadeandalucia.es\/ceipmiguelhernandez\/wp-json\/wp\/v2\/comments?post=3543"}],"version-history":[{"count":2,"href":"https:\/\/blogsaverroes.juntadeandalucia.es\/ceipmiguelhernandez\/wp-json\/wp\/v2\/posts\/3543\/revisions"}],"predecessor-version":[{"id":3547,"href":"https:\/\/blogsaverroes.juntadeandalucia.es\/ceipmiguelhernandez\/wp-json\/wp\/v2\/posts\/3543\/revisions\/3547"}],"wp:attachment":[{"href":"https:\/\/blogsaverroes.juntadeandalucia.es\/ceipmiguelhernandez\/wp-json\/wp\/v2\/media?parent=3543"}],"wp:term":[{"taxonomy":"category","embeddable":true,"href":"https:\/\/blogsaverroes.juntadeandalucia.es\/ceipmiguelhernandez\/wp-json\/wp\/v2\/categories?post=3543"},{"taxonomy":"post_tag","embeddable":true,"href":"https:\/\/blogsaverroes.juntadeandalucia.es\/ceipmiguelhernandez\/wp-json\/wp\/v2\/tags?post=3543"}],"curies":[{"name":"wp","href":"https:\/\/api.w.org\/{rel}","templated":true}]}}