{"id":3842,"date":"2022-02-23T15:47:23","date_gmt":"2022-02-23T15:47:23","guid":{"rendered":"https:\/\/blogsaverroes.juntadeandalucia.es\/ceipmiguelhernandez\/?p=3842"},"modified":"2022-02-24T09:15:22","modified_gmt":"2022-02-24T09:15:22","slug":"olimpiada-matematica","status":"publish","type":"post","link":"https:\/\/blogsaverroes.juntadeandalucia.es\/ceipmiguelhernandez\/olimpiada-matematica\/","title":{"rendered":"OLIMPIADA MATEM\u00c1TICA."},"content":{"rendered":"<p><a href=\"https:\/\/blogsaverroes.juntadeandalucia.es\/ceipmiguelhernandez\/files\/2022\/02\/cartel4omprim.png\"><img loading=\"lazy\" decoding=\"async\" class=\" wp-image-3839 aligncenter\" src=\"https:\/\/blogsaverroes.juntadeandalucia.es\/ceipmiguelhernandez\/files\/2022\/02\/cartel4omprim-214x300.png\" alt=\"\" width=\"453\" height=\"635\" srcset=\"https:\/\/blogsaverroes.juntadeandalucia.es\/ceipmiguelhernandez\/files\/2022\/02\/cartel4omprim-214x300.png 214w, https:\/\/blogsaverroes.juntadeandalucia.es\/ceipmiguelhernandez\/files\/2022\/02\/cartel4omprim.png 482w\" sizes=\"(max-width: 453px) 100vw, 453px\" \/><\/a><\/p>\n<p>El pasado Viernes 18 de Febrero se celebr\u00f3&nbsp; la fase provincial de la IV Olimpiada Matem\u00e1tica S.A.E.M. Thales, dirigida para el alumnado del Tercer Ciclo de Educaci\u00f3n Primaria.&nbsp;<\/p>\n<p>Como representaci\u00f3n de nuestro centro participaron en las Olimpiadas Matem\u00e1ticas&nbsp; los siguientes alumnos\/as:<\/p>\n<p><strong>Sof\u00eda Vlaicu Toderescu.<\/strong><br \/>\n<strong>Pablo Caballero Cardoso.<\/strong><br \/>\n<strong>Gonzalo Reina Torres.<\/strong><br \/>\n<strong>Lucas Serrano Del R\u00edo.<\/strong><br \/>\n<strong>Pablo Aguilar Arrocha.<\/strong><\/p>\n<p><a href=\"https:\/\/blogsaverroes.juntadeandalucia.es\/ceipmiguelhernandez\/files\/2022\/02\/20220218_115241-scaled.jpg\"><img loading=\"lazy\" decoding=\"async\" class=\" wp-image-3841 aligncenter\" src=\"https:\/\/blogsaverroes.juntadeandalucia.es\/ceipmiguelhernandez\/files\/2022\/02\/20220218_115241-300x146.jpg\" alt=\"\" width=\"518\" height=\"252\" srcset=\"https:\/\/blogsaverroes.juntadeandalucia.es\/ceipmiguelhernandez\/files\/2022\/02\/20220218_115241-300x146.jpg 300w, https:\/\/blogsaverroes.juntadeandalucia.es\/ceipmiguelhernandez\/files\/2022\/02\/20220218_115241-1024x498.jpg 1024w, https:\/\/blogsaverroes.juntadeandalucia.es\/ceipmiguelhernandez\/files\/2022\/02\/20220218_115241-768x373.jpg 768w, https:\/\/blogsaverroes.juntadeandalucia.es\/ceipmiguelhernandez\/files\/2022\/02\/20220218_115241-1536x746.jpg 1536w, https:\/\/blogsaverroes.juntadeandalucia.es\/ceipmiguelhernandez\/files\/2022\/02\/20220218_115241-2048x995.jpg 2048w, https:\/\/blogsaverroes.juntadeandalucia.es\/ceipmiguelhernandez\/files\/2022\/02\/20220218_115241-scaled.jpg 1600w\" sizes=\"(max-width: 518px) 100vw, 518px\" \/><\/a><\/p>\n<p><a href=\"https:\/\/blogsaverroes.juntadeandalucia.es\/ceipmiguelhernandez\/files\/2022\/02\/20220218_115236-scaled.jpg\"><img loading=\"lazy\" decoding=\"async\" class=\" wp-image-3840 aligncenter\" src=\"https:\/\/blogsaverroes.juntadeandalucia.es\/ceipmiguelhernandez\/files\/2022\/02\/20220218_115236-300x146.jpg\" alt=\"\" width=\"524\" height=\"255\" srcset=\"https:\/\/blogsaverroes.juntadeandalucia.es\/ceipmiguelhernandez\/files\/2022\/02\/20220218_115236-300x146.jpg 300w, https:\/\/blogsaverroes.juntadeandalucia.es\/ceipmiguelhernandez\/files\/2022\/02\/20220218_115236-1024x498.jpg 1024w, https:\/\/blogsaverroes.juntadeandalucia.es\/ceipmiguelhernandez\/files\/2022\/02\/20220218_115236-768x373.jpg 768w, https:\/\/blogsaverroes.juntadeandalucia.es\/ceipmiguelhernandez\/files\/2022\/02\/20220218_115236-1536x746.jpg 1536w, https:\/\/blogsaverroes.juntadeandalucia.es\/ceipmiguelhernandez\/files\/2022\/02\/20220218_115236-2048x995.jpg 2048w, https:\/\/blogsaverroes.juntadeandalucia.es\/ceipmiguelhernandez\/files\/2022\/02\/20220218_115236-scaled.jpg 1600w\" sizes=\"(max-width: 524px) 100vw, 524px\" \/><\/a><\/p>\n<p>&nbsp;<\/p>\n","protected":false},"excerpt":{"rendered":"<p>El pasado Viernes 18 de Febrero se celebr\u00f3&nbsp; la fase provincial de la IV Olimpiada Matem\u00e1tica S.A.E.M. Thales, dirigida para el alumnado del Tercer Ciclo de Educaci\u00f3n Primaria.&nbsp; Como representaci\u00f3n de nuestro centro participaron en las Olimpiadas Matem\u00e1ticas&nbsp; los siguientes alumnos\/as: Sof\u00eda Vlaicu Toderescu. Pablo Caballero Cardoso. Gonzalo Reina Torres. Lucas Serrano Del R\u00edo. Pablo &hellip; <\/p>\n<p class=\"link-more\"><a href=\"https:\/\/blogsaverroes.juntadeandalucia.es\/ceipmiguelhernandez\/olimpiada-matematica\/\" class=\"more-link\">Continuar leyendo<span class=\"screen-reader-text\"> \u00abOLIMPIADA MATEM\u00c1TICA.\u00bb<\/span><\/a><\/p>\n","protected":false},"author":10403,"featured_media":0,"comment_status":"open","ping_status":"open","sticky":false,"template":"","format":"standard","meta":{"ngg_post_thumbnail":0,"footnotes":""},"categories":[11909],"tags":[],"aioseo_notices":[],"_links":{"self":[{"href":"https:\/\/blogsaverroes.juntadeandalucia.es\/ceipmiguelhernandez\/wp-json\/wp\/v2\/posts\/3842"}],"collection":[{"href":"https:\/\/blogsaverroes.juntadeandalucia.es\/ceipmiguelhernandez\/wp-json\/wp\/v2\/posts"}],"about":[{"href":"https:\/\/blogsaverroes.juntadeandalucia.es\/ceipmiguelhernandez\/wp-json\/wp\/v2\/types\/post"}],"author":[{"embeddable":true,"href":"https:\/\/blogsaverroes.juntadeandalucia.es\/ceipmiguelhernandez\/wp-json\/wp\/v2\/users\/10403"}],"replies":[{"embeddable":true,"href":"https:\/\/blogsaverroes.juntadeandalucia.es\/ceipmiguelhernandez\/wp-json\/wp\/v2\/comments?post=3842"}],"version-history":[{"count":5,"href":"https:\/\/blogsaverroes.juntadeandalucia.es\/ceipmiguelhernandez\/wp-json\/wp\/v2\/posts\/3842\/revisions"}],"predecessor-version":[{"id":3851,"href":"https:\/\/blogsaverroes.juntadeandalucia.es\/ceipmiguelhernandez\/wp-json\/wp\/v2\/posts\/3842\/revisions\/3851"}],"wp:attachment":[{"href":"https:\/\/blogsaverroes.juntadeandalucia.es\/ceipmiguelhernandez\/wp-json\/wp\/v2\/media?parent=3842"}],"wp:term":[{"taxonomy":"category","embeddable":true,"href":"https:\/\/blogsaverroes.juntadeandalucia.es\/ceipmiguelhernandez\/wp-json\/wp\/v2\/categories?post=3842"},{"taxonomy":"post_tag","embeddable":true,"href":"https:\/\/blogsaverroes.juntadeandalucia.es\/ceipmiguelhernandez\/wp-json\/wp\/v2\/tags?post=3842"}],"curies":[{"name":"wp","href":"https:\/\/api.w.org\/{rel}","templated":true}]}}