{"id":5145,"date":"2023-09-26T08:33:56","date_gmt":"2023-09-26T08:33:56","guid":{"rendered":"https:\/\/blogsaverroes.juntadeandalucia.es\/ceipmiguelhernandezlaciguena\/?p=5145"},"modified":"2023-09-26T08:38:45","modified_gmt":"2023-09-26T08:38:45","slug":"bonificaciones-provisionales-servicios-complementarios","status":"publish","type":"post","link":"https:\/\/blogsaverroes.juntadeandalucia.es\/ceipmiguelhernandezlaciguena\/2023\/09\/26\/bonificaciones-provisionales-servicios-complementarios\/","title":{"rendered":"Bonificaciones provisionales servicios complementarios"},"content":{"rendered":"<p align=\"JUSTIFY\"><span style=\"font-family: Arial, sans-serif\"><span style=\"font-size: medium\">En relaci\u00f3n con las bonificaciones se informa que las listas de bonificaciones provisionales est\u00e1n publicadas en el tabl\u00f3n de anuncios del centro, y se ha habilitado la correspondiente consulta telem\u00e1tica en Secretar\u00eda Virtual.<\/span><\/span><\/p>\n<p align=\"JUSTIFY\"><span style=\"font-family: Arial, sans-serif\"><span style=\"font-size: medium\">El plazo de alegaciones ante la direcci\u00f3n del centro ser\u00e1 de 10 d\u00edas h\u00e1biles, del 26 de septiembre al 9 de octubre de 2023, En este plazo se ha habilitado el correspondiente tr\u00e1mite en Secretar\u00eda Virtual para poder presentar alegaciones de forma telem\u00e1tica por parte de los interesados.<\/span><\/span><\/p>\n<p align=\"JUSTIFY\"><span style=\"font-family: Arial, sans-serif\"><span style=\"font-size: medium\">Se estima que a mediados de octubre est\u00e9n las bonificaciones definitivas, de lo que se avisar\u00e1 a las familias.<\/span><\/span><\/p>\n","protected":false},"excerpt":{"rendered":"<p>En relaci\u00f3n con las bonificaciones se informa que las listas de bonificaciones provisionales est\u00e1n publicadas en el tabl\u00f3n de anuncios del centro, y se ha habilitado la correspondiente consulta telem\u00e1tica en Secretar\u00eda Virtual. El&#46;&#46;&#46;<\/p>\n","protected":false},"author":1486,"featured_media":0,"comment_status":"open","ping_status":"open","sticky":false,"template":"","format":"standard","meta":{"ngg_post_thumbnail":0,"footnotes":""},"categories":[11909],"tags":[],"aioseo_notices":[],"_links":{"self":[{"href":"https:\/\/blogsaverroes.juntadeandalucia.es\/ceipmiguelhernandezlaciguena\/wp-json\/wp\/v2\/posts\/5145"}],"collection":[{"href":"https:\/\/blogsaverroes.juntadeandalucia.es\/ceipmiguelhernandezlaciguena\/wp-json\/wp\/v2\/posts"}],"about":[{"href":"https:\/\/blogsaverroes.juntadeandalucia.es\/ceipmiguelhernandezlaciguena\/wp-json\/wp\/v2\/types\/post"}],"author":[{"embeddable":true,"href":"https:\/\/blogsaverroes.juntadeandalucia.es\/ceipmiguelhernandezlaciguena\/wp-json\/wp\/v2\/users\/1486"}],"replies":[{"embeddable":true,"href":"https:\/\/blogsaverroes.juntadeandalucia.es\/ceipmiguelhernandezlaciguena\/wp-json\/wp\/v2\/comments?post=5145"}],"version-history":[{"count":1,"href":"https:\/\/blogsaverroes.juntadeandalucia.es\/ceipmiguelhernandezlaciguena\/wp-json\/wp\/v2\/posts\/5145\/revisions"}],"predecessor-version":[{"id":5146,"href":"https:\/\/blogsaverroes.juntadeandalucia.es\/ceipmiguelhernandezlaciguena\/wp-json\/wp\/v2\/posts\/5145\/revisions\/5146"}],"wp:attachment":[{"href":"https:\/\/blogsaverroes.juntadeandalucia.es\/ceipmiguelhernandezlaciguena\/wp-json\/wp\/v2\/media?parent=5145"}],"wp:term":[{"taxonomy":"category","embeddable":true,"href":"https:\/\/blogsaverroes.juntadeandalucia.es\/ceipmiguelhernandezlaciguena\/wp-json\/wp\/v2\/categories?post=5145"},{"taxonomy":"post_tag","embeddable":true,"href":"https:\/\/blogsaverroes.juntadeandalucia.es\/ceipmiguelhernandezlaciguena\/wp-json\/wp\/v2\/tags?post=5145"}],"curies":[{"name":"wp","href":"https:\/\/api.w.org\/{rel}","templated":true}]}}