{"id":5238,"date":"2024-05-30T06:51:39","date_gmt":"2024-05-30T06:51:39","guid":{"rendered":"https:\/\/blogsaverroes.juntadeandalucia.es\/ceipmiguelhernandezlaciguena\/?p=5238"},"modified":"2024-05-30T06:51:39","modified_gmt":"2024-05-30T06:51:39","slug":"correccion-informacion-procedimiento-matricula","status":"publish","type":"post","link":"https:\/\/blogsaverroes.juntadeandalucia.es\/ceipmiguelhernandezlaciguena\/2024\/05\/30\/correccion-informacion-procedimiento-matricula\/","title":{"rendered":"Correcci\u00f3n informaci\u00f3n procedimiento matr\u00edcula"},"content":{"rendered":"<p><span style=\"text-decoration: underline\"><strong>Plazo de matr\u00edcula infantil, primaria y educaci\u00f3n especial:<\/strong><\/span><\/p>\n<p>Es del <strong>1 al 10 de junio,<\/strong> ambos inclusive.<\/p>\n<p><span style=\"text-decoration: underline\"><strong>Autorizaci\u00f3n de im\u00e1genes\/voz:<\/strong><\/span><\/p>\n<p><a href=\"https:\/\/blogsaverroes.juntadeandalucia.es\/ceipmiguelhernandezlaciguena\/files\/2024\/05\/Consentimiento-Uso-Imagenes_voz.pdf\">Consentimiento Uso Im\u00e1genes_voz<\/a><\/p>\n<p>Se adjunta nuevo documento <strong>\u00abConsentimiento informado para el tratamiento de Im\u00e1genes\/Voz\u00bb<\/strong> (sustituye al elaborado por el centro, ruego entreguen este nuevo).<\/p>\n<p><em>Todo el alumnado que vaya a formalizar una matr\u00edcula deber\u00e1 acompa\u00f1ar al correspondiente anexo de matr\u00edcula el modelo de \u201cConsentimiento informado para el tratamiento de im\u00e1genes\/voz del alumnado\u201d adjunto a este mensaje. En el caso de presentaci\u00f3n telem\u00e1tica, ser\u00e1 el mismo tr\u00e1mite telem\u00e1tico el que le dirigir\u00e1 para la cumplimentaci\u00f3n del citado modelo.<\/em><br \/>\n<em>La firma del consentimiento ser\u00e1 realizada por, al menos, uno de sus padres\/madres u otro representante legal el que firmar\u00e1 el precitado modelo. En el caso de patria potestad compartida y representaci\u00f3n legal, el representante legal que autoriza y firma deber\u00e1 declarar que ha informado al otro.<\/em><br \/>\n<em>El centro informar\u00e1 a las familias de los medios de difusi\u00f3n y redes sociales que se utilizar\u00e1n para la divulgaci\u00f3n de las im\u00e1genes.<\/em><\/p>\n<p><span style=\"text-decoration: underline\"><strong>Plazo matr\u00edcula Educaci\u00f3n Secundaria Obligatoria:<\/strong><\/span><\/p>\n<p>El alumnado que se matricule en 1\u00ba de Educaci\u00f3n Secundaria tendr\u00e1 de plazo del <strong>1 al 10 de julio<\/strong> en el IES donde haya sido admitido.<\/p>\n","protected":false},"excerpt":{"rendered":"<p>Plazo de matr\u00edcula infantil, primaria y educaci\u00f3n especial: Es del 1 al 10 de junio, ambos inclusive. Autorizaci\u00f3n de im\u00e1genes\/voz: Consentimiento Uso Im\u00e1genes_voz Se adjunta nuevo documento \u00abConsentimiento informado para el tratamiento de Im\u00e1genes\/Voz\u00bb&#46;&#46;&#46;<\/p>\n","protected":false},"author":1486,"featured_media":0,"comment_status":"open","ping_status":"open","sticky":false,"template":"","format":"standard","meta":{"ngg_post_thumbnail":0,"footnotes":""},"categories":[11909],"tags":[],"aioseo_notices":[],"_links":{"self":[{"href":"https:\/\/blogsaverroes.juntadeandalucia.es\/ceipmiguelhernandezlaciguena\/wp-json\/wp\/v2\/posts\/5238"}],"collection":[{"href":"https:\/\/blogsaverroes.juntadeandalucia.es\/ceipmiguelhernandezlaciguena\/wp-json\/wp\/v2\/posts"}],"about":[{"href":"https:\/\/blogsaverroes.juntadeandalucia.es\/ceipmiguelhernandezlaciguena\/wp-json\/wp\/v2\/types\/post"}],"author":[{"embeddable":true,"href":"https:\/\/blogsaverroes.juntadeandalucia.es\/ceipmiguelhernandezlaciguena\/wp-json\/wp\/v2\/users\/1486"}],"replies":[{"embeddable":true,"href":"https:\/\/blogsaverroes.juntadeandalucia.es\/ceipmiguelhernandezlaciguena\/wp-json\/wp\/v2\/comments?post=5238"}],"version-history":[{"count":1,"href":"https:\/\/blogsaverroes.juntadeandalucia.es\/ceipmiguelhernandezlaciguena\/wp-json\/wp\/v2\/posts\/5238\/revisions"}],"predecessor-version":[{"id":5240,"href":"https:\/\/blogsaverroes.juntadeandalucia.es\/ceipmiguelhernandezlaciguena\/wp-json\/wp\/v2\/posts\/5238\/revisions\/5240"}],"wp:attachment":[{"href":"https:\/\/blogsaverroes.juntadeandalucia.es\/ceipmiguelhernandezlaciguena\/wp-json\/wp\/v2\/media?parent=5238"}],"wp:term":[{"taxonomy":"category","embeddable":true,"href":"https:\/\/blogsaverroes.juntadeandalucia.es\/ceipmiguelhernandezlaciguena\/wp-json\/wp\/v2\/categories?post=5238"},{"taxonomy":"post_tag","embeddable":true,"href":"https:\/\/blogsaverroes.juntadeandalucia.es\/ceipmiguelhernandezlaciguena\/wp-json\/wp\/v2\/tags?post=5238"}],"curies":[{"name":"wp","href":"https:\/\/api.w.org\/{rel}","templated":true}]}}