{"id":5247,"date":"2024-06-13T07:29:47","date_gmt":"2024-06-13T07:29:47","guid":{"rendered":"https:\/\/blogsaverroes.juntadeandalucia.es\/ceipmiguelhernandezlaciguena\/?p=5247"},"modified":"2024-06-13T07:29:47","modified_gmt":"2024-06-13T07:29:47","slug":"publicacion-de-la-resolucion-provisional-de-admitidos-y-suplentes-en-los-servicios-complementarios-24-25","status":"publish","type":"post","link":"https:\/\/blogsaverroes.juntadeandalucia.es\/ceipmiguelhernandezlaciguena\/2024\/06\/13\/publicacion-de-la-resolucion-provisional-de-admitidos-y-suplentes-en-los-servicios-complementarios-24-25\/","title":{"rendered":"Publicaci\u00f3n de la Resoluci\u00f3n Provisional de Admitidos y Suplentes en los Servicios Complementarios 24\/25"},"content":{"rendered":"<p style=\"color: #000000;font-family: Verdana, Arial, Helvetica, sans-serif;font-size: 14px\">Ayer d\u00eda 12 de junio se public\u00f3 en el tabl\u00f3n de anuncios del centro la Resoluci\u00f3n Provisional de admitidos y suplentes en los servicios complementarios de aula matinal y comedor escolar del centro<\/p>\n<p style=\"color: #000000;font-family: Verdana, Arial, Helvetica, sans-serif;font-size: 14px\">La pueden consultar en el tabl\u00f3n de anuncios del centro y en el siguiente enlace de la secretaria virtual de los centros:<\/p>\n<p style=\"color: #000000;font-family: Verdana, Arial, Helvetica, sans-serif;font-size: 14px\"><a href=\"https:\/\/www.juntadeandalucia.es\/educacion\/secretariavirtual\/accesoConsultas\/1784\/\" target=\"_blank\" rel=\"noopener\">https:\/\/www.juntadeandalucia.es\/educacion\/secretariavirtual\/accesoConsultas\/1784\/<\/a><\/p>\n<p style=\"color: #000000;font-family: Verdana, Arial, Helvetica, sans-serif;font-size: 14px\">Conforme a lo dispuesto en el art\u00edculo 21.6 de la Orden de 17 de abril de 2017, se establece un plazo de d\u00edez d\u00edas h\u00e1biles, contados a partir del siguiente al de la publicaci\u00f3n de esta Resoluci\u00f3n, para que las personas interesadas presenten las alegaciones que estimen oportunas ante la Direcci\u00f3n del centro.<\/p>\n<p style=\"color: #000000;font-family: Verdana, Arial, Helvetica, sans-serif;font-size: 14px\">Un saludo.<\/p>\n","protected":false},"excerpt":{"rendered":"<p>Ayer d\u00eda 12 de junio se public\u00f3 en el tabl\u00f3n de anuncios del centro la Resoluci\u00f3n Provisional de admitidos y suplentes en los servicios complementarios de aula matinal y comedor escolar del centro La&#46;&#46;&#46;<\/p>\n","protected":false},"author":1486,"featured_media":0,"comment_status":"open","ping_status":"open","sticky":false,"template":"","format":"standard","meta":{"ngg_post_thumbnail":0,"footnotes":""},"categories":[11909],"tags":[],"aioseo_notices":[],"_links":{"self":[{"href":"https:\/\/blogsaverroes.juntadeandalucia.es\/ceipmiguelhernandezlaciguena\/wp-json\/wp\/v2\/posts\/5247"}],"collection":[{"href":"https:\/\/blogsaverroes.juntadeandalucia.es\/ceipmiguelhernandezlaciguena\/wp-json\/wp\/v2\/posts"}],"about":[{"href":"https:\/\/blogsaverroes.juntadeandalucia.es\/ceipmiguelhernandezlaciguena\/wp-json\/wp\/v2\/types\/post"}],"author":[{"embeddable":true,"href":"https:\/\/blogsaverroes.juntadeandalucia.es\/ceipmiguelhernandezlaciguena\/wp-json\/wp\/v2\/users\/1486"}],"replies":[{"embeddable":true,"href":"https:\/\/blogsaverroes.juntadeandalucia.es\/ceipmiguelhernandezlaciguena\/wp-json\/wp\/v2\/comments?post=5247"}],"version-history":[{"count":1,"href":"https:\/\/blogsaverroes.juntadeandalucia.es\/ceipmiguelhernandezlaciguena\/wp-json\/wp\/v2\/posts\/5247\/revisions"}],"predecessor-version":[{"id":5248,"href":"https:\/\/blogsaverroes.juntadeandalucia.es\/ceipmiguelhernandezlaciguena\/wp-json\/wp\/v2\/posts\/5247\/revisions\/5248"}],"wp:attachment":[{"href":"https:\/\/blogsaverroes.juntadeandalucia.es\/ceipmiguelhernandezlaciguena\/wp-json\/wp\/v2\/media?parent=5247"}],"wp:term":[{"taxonomy":"category","embeddable":true,"href":"https:\/\/blogsaverroes.juntadeandalucia.es\/ceipmiguelhernandezlaciguena\/wp-json\/wp\/v2\/categories?post=5247"},{"taxonomy":"post_tag","embeddable":true,"href":"https:\/\/blogsaverroes.juntadeandalucia.es\/ceipmiguelhernandezlaciguena\/wp-json\/wp\/v2\/tags?post=5247"}],"curies":[{"name":"wp","href":"https:\/\/api.w.org\/{rel}","templated":true}]}}