{"id":5264,"date":"2025-02-05T12:24:35","date_gmt":"2025-02-05T12:24:35","guid":{"rendered":"https:\/\/blogsaverroes.juntadeandalucia.es\/ceipmiguelhernandezlaciguena\/?p=5264"},"modified":"2025-02-05T12:24:44","modified_gmt":"2025-02-05T12:24:44","slug":"calendario-escolarizacion-procedimiento-de-admision-y-matriculacion","status":"publish","type":"post","link":"https:\/\/blogsaverroes.juntadeandalucia.es\/ceipmiguelhernandezlaciguena\/2025\/02\/05\/calendario-escolarizacion-procedimiento-de-admision-y-matriculacion\/","title":{"rendered":"Calendario Escolarizaci\u00f3n: procedimiento de admisi\u00f3n y matriculaci\u00f3n."},"content":{"rendered":"<p><a href=\"https:\/\/blogsaverroes.juntadeandalucia.es\/ceipmiguelhernandezlaciguena\/files\/2025\/02\/calendario-BOJA-25-26.pdf\">calendario BOJA 25 26<\/a><\/p>\n<p><a href=\"https:\/\/blogsaverroes.juntadeandalucia.es\/ceipmiguelhernandezlaciguena\/files\/2025\/02\/Informacion-calendario-general-admision-matriculacion-familias-25-26.pdf\">Informaci\u00f3n calendario general admisi\u00f3n matriculaci\u00f3n familias 25 26<\/a><\/p>\n","protected":false},"excerpt":{"rendered":"<p>calendario BOJA 25 26 Informaci\u00f3n calendario general admisi\u00f3n matriculaci\u00f3n familias 25 26<\/p>\n","protected":false},"author":1486,"featured_media":0,"comment_status":"open","ping_status":"open","sticky":false,"template":"","format":"standard","meta":{"ngg_post_thumbnail":0,"footnotes":""},"categories":[11909],"tags":[],"aioseo_notices":[],"_links":{"self":[{"href":"https:\/\/blogsaverroes.juntadeandalucia.es\/ceipmiguelhernandezlaciguena\/wp-json\/wp\/v2\/posts\/5264"}],"collection":[{"href":"https:\/\/blogsaverroes.juntadeandalucia.es\/ceipmiguelhernandezlaciguena\/wp-json\/wp\/v2\/posts"}],"about":[{"href":"https:\/\/blogsaverroes.juntadeandalucia.es\/ceipmiguelhernandezlaciguena\/wp-json\/wp\/v2\/types\/post"}],"author":[{"embeddable":true,"href":"https:\/\/blogsaverroes.juntadeandalucia.es\/ceipmiguelhernandezlaciguena\/wp-json\/wp\/v2\/users\/1486"}],"replies":[{"embeddable":true,"href":"https:\/\/blogsaverroes.juntadeandalucia.es\/ceipmiguelhernandezlaciguena\/wp-json\/wp\/v2\/comments?post=5264"}],"version-history":[{"count":1,"href":"https:\/\/blogsaverroes.juntadeandalucia.es\/ceipmiguelhernandezlaciguena\/wp-json\/wp\/v2\/posts\/5264\/revisions"}],"predecessor-version":[{"id":5267,"href":"https:\/\/blogsaverroes.juntadeandalucia.es\/ceipmiguelhernandezlaciguena\/wp-json\/wp\/v2\/posts\/5264\/revisions\/5267"}],"wp:attachment":[{"href":"https:\/\/blogsaverroes.juntadeandalucia.es\/ceipmiguelhernandezlaciguena\/wp-json\/wp\/v2\/media?parent=5264"}],"wp:term":[{"taxonomy":"category","embeddable":true,"href":"https:\/\/blogsaverroes.juntadeandalucia.es\/ceipmiguelhernandezlaciguena\/wp-json\/wp\/v2\/categories?post=5264"},{"taxonomy":"post_tag","embeddable":true,"href":"https:\/\/blogsaverroes.juntadeandalucia.es\/ceipmiguelhernandezlaciguena\/wp-json\/wp\/v2\/tags?post=5264"}],"curies":[{"name":"wp","href":"https:\/\/api.w.org\/{rel}","templated":true}]}}