{"id":3175,"date":"2023-03-16T11:01:47","date_gmt":"2023-03-16T11:01:47","guid":{"rendered":"https:\/\/blogsaverroes.juntadeandalucia.es\/ceipmiragenil\/?p=3175"},"modified":"2023-03-17T11:13:58","modified_gmt":"2023-03-17T11:13:58","slug":"celebracion-del-dia-internacional-de-la-mujer","status":"publish","type":"post","link":"https:\/\/blogsaverroes.juntadeandalucia.es\/ceipmiragenil\/celebracion-del-dia-internacional-de-la-mujer\/","title":{"rendered":"Celebraci\u00f3n del D\u00eda Internacional de la Mujer"},"content":{"rendered":"<p>El mi\u00e9rcoles 8 de marzo celebramos en el CEIP Miragenil el D\u00eda Internacional de la Mujer, se realizaron distintas actividades, una de ellas fue la realizaci\u00f3n de un \u00e1rbol en el cual el alumnado ha colocado una flor con \u00abLa mujer de su vida\u00bb. Una actividad muy bonita que ha gustado mucho a los alumnos y alumnas.<\/p>\n<div style=\"width: 576px;\" class=\"wp-video\"><!--[if lt IE 9]><script>document.createElement('video');<\/script><![endif]-->\n<video class=\"wp-video-shortcode\" id=\"video-3175-1\" width=\"576\" height=\"576\" preload=\"metadata\" controls=\"controls\"><source type=\"video\/mp4\" src=\"https:\/\/blogsaverroes.juntadeandalucia.es\/ceipmiragenil\/files\/2023\/03\/VID-20230316-WA0017.mp4?_=1\" \/><a href=\"https:\/\/blogsaverroes.juntadeandalucia.es\/ceipmiragenil\/files\/2023\/03\/VID-20230316-WA0017.mp4\">https:\/\/blogsaverroes.juntadeandalucia.es\/ceipmiragenil\/files\/2023\/03\/VID-20230316-WA0017.mp4<\/a><\/video><\/div>\n<p><a href=\"https:\/\/blogsaverroes.juntadeandalucia.es\/ceipmiragenil\/files\/2023\/03\/1678963904286.jpg\"><img loading=\"lazy\" decoding=\"async\" class=\"alignnone size-medium wp-image-3176\" src=\"https:\/\/blogsaverroes.juntadeandalucia.es\/ceipmiragenil\/files\/2023\/03\/1678963904286-225x300.jpg\" alt=\"\" width=\"225\" height=\"300\" srcset=\"https:\/\/blogsaverroes.juntadeandalucia.es\/ceipmiragenil\/files\/2023\/03\/1678963904286-225x300.jpg 225w, https:\/\/blogsaverroes.juntadeandalucia.es\/ceipmiragenil\/files\/2023\/03\/1678963904286-768x1024.jpg 768w, https:\/\/blogsaverroes.juntadeandalucia.es\/ceipmiragenil\/files\/2023\/03\/1678963904286.jpg 1080w\" sizes=\"(max-width: 225px) 100vw, 225px\" \/><\/a> <a href=\"https:\/\/blogsaverroes.juntadeandalucia.es\/ceipmiragenil\/files\/2023\/03\/1678963904296.jpg\"><img loading=\"lazy\" decoding=\"async\" class=\"alignnone size-medium wp-image-3177\" src=\"https:\/\/blogsaverroes.juntadeandalucia.es\/ceipmiragenil\/files\/2023\/03\/1678963904296-225x300.jpg\" alt=\"\" width=\"225\" height=\"300\" srcset=\"https:\/\/blogsaverroes.juntadeandalucia.es\/ceipmiragenil\/files\/2023\/03\/1678963904296-225x300.jpg 225w, https:\/\/blogsaverroes.juntadeandalucia.es\/ceipmiragenil\/files\/2023\/03\/1678963904296-768x1024.jpg 768w, https:\/\/blogsaverroes.juntadeandalucia.es\/ceipmiragenil\/files\/2023\/03\/1678963904296.jpg 1080w\" sizes=\"(max-width: 225px) 100vw, 225px\" \/><\/a> <a href=\"https:\/\/blogsaverroes.juntadeandalucia.es\/ceipmiragenil\/files\/2023\/03\/1678963904307.jpg\"><img loading=\"lazy\" decoding=\"async\" class=\"alignnone size-medium wp-image-3178\" src=\"https:\/\/blogsaverroes.juntadeandalucia.es\/ceipmiragenil\/files\/2023\/03\/1678963904307-225x300.jpg\" alt=\"\" width=\"225\" height=\"300\" srcset=\"https:\/\/blogsaverroes.juntadeandalucia.es\/ceipmiragenil\/files\/2023\/03\/1678963904307-225x300.jpg 225w, https:\/\/blogsaverroes.juntadeandalucia.es\/ceipmiragenil\/files\/2023\/03\/1678963904307-768x1024.jpg 768w, https:\/\/blogsaverroes.juntadeandalucia.es\/ceipmiragenil\/files\/2023\/03\/1678963904307.jpg 1080w\" sizes=\"(max-width: 225px) 100vw, 225px\" \/><\/a> <a href=\"https:\/\/blogsaverroes.juntadeandalucia.es\/ceipmiragenil\/files\/2023\/03\/1678963904319.jpg\"><img loading=\"lazy\" decoding=\"async\" class=\"alignnone size-medium wp-image-3179\" src=\"https:\/\/blogsaverroes.juntadeandalucia.es\/ceipmiragenil\/files\/2023\/03\/1678963904319-225x300.jpg\" alt=\"\" width=\"225\" height=\"300\" srcset=\"https:\/\/blogsaverroes.juntadeandalucia.es\/ceipmiragenil\/files\/2023\/03\/1678963904319-225x300.jpg 225w, https:\/\/blogsaverroes.juntadeandalucia.es\/ceipmiragenil\/files\/2023\/03\/1678963904319-768x1024.jpg 768w, https:\/\/blogsaverroes.juntadeandalucia.es\/ceipmiragenil\/files\/2023\/03\/1678963904319.jpg 1080w\" sizes=\"(max-width: 225px) 100vw, 225px\" \/><\/a> <a href=\"https:\/\/blogsaverroes.juntadeandalucia.es\/ceipmiragenil\/files\/2023\/03\/1678963904331.jpg\"><img loading=\"lazy\" decoding=\"async\" class=\"alignnone size-medium wp-image-3180\" src=\"https:\/\/blogsaverroes.juntadeandalucia.es\/ceipmiragenil\/files\/2023\/03\/1678963904331-300x225.jpg\" alt=\"\" width=\"300\" height=\"225\" srcset=\"https:\/\/blogsaverroes.juntadeandalucia.es\/ceipmiragenil\/files\/2023\/03\/1678963904331-300x225.jpg 300w, https:\/\/blogsaverroes.juntadeandalucia.es\/ceipmiragenil\/files\/2023\/03\/1678963904331-768x576.jpg 768w, https:\/\/blogsaverroes.juntadeandalucia.es\/ceipmiragenil\/files\/2023\/03\/1678963904331.jpg 1024w\" sizes=\"(max-width: 300px) 100vw, 300px\" \/><\/a> <a href=\"https:\/\/blogsaverroes.juntadeandalucia.es\/ceipmiragenil\/files\/2023\/03\/1678963904342.jpg\"><img loading=\"lazy\" decoding=\"async\" class=\"alignnone size-medium wp-image-3181\" src=\"https:\/\/blogsaverroes.juntadeandalucia.es\/ceipmiragenil\/files\/2023\/03\/1678963904342-300x225.jpg\" alt=\"\" width=\"300\" height=\"225\" srcset=\"https:\/\/blogsaverroes.juntadeandalucia.es\/ceipmiragenil\/files\/2023\/03\/1678963904342-300x225.jpg 300w, https:\/\/blogsaverroes.juntadeandalucia.es\/ceipmiragenil\/files\/2023\/03\/1678963904342-768x576.jpg 768w, https:\/\/blogsaverroes.juntadeandalucia.es\/ceipmiragenil\/files\/2023\/03\/1678963904342.jpg 1024w\" sizes=\"(max-width: 300px) 100vw, 300px\" \/><\/a> <a href=\"https:\/\/blogsaverroes.juntadeandalucia.es\/ceipmiragenil\/files\/2023\/03\/1678963904354.jpg\"><img loading=\"lazy\" decoding=\"async\" class=\"alignnone size-medium wp-image-3182\" src=\"https:\/\/blogsaverroes.juntadeandalucia.es\/ceipmiragenil\/files\/2023\/03\/1678963904354-225x300.jpg\" alt=\"\" width=\"225\" height=\"300\" srcset=\"https:\/\/blogsaverroes.juntadeandalucia.es\/ceipmiragenil\/files\/2023\/03\/1678963904354-225x300.jpg 225w, https:\/\/blogsaverroes.juntadeandalucia.es\/ceipmiragenil\/files\/2023\/03\/1678963904354.jpg 768w\" sizes=\"(max-width: 225px) 100vw, 225px\" \/><\/a> <a href=\"https:\/\/blogsaverroes.juntadeandalucia.es\/ceipmiragenil\/files\/2023\/03\/1678963904365.jpg\"><img loading=\"lazy\" decoding=\"async\" class=\"alignnone size-medium wp-image-3183\" src=\"https:\/\/blogsaverroes.juntadeandalucia.es\/ceipmiragenil\/files\/2023\/03\/1678963904365-225x300.jpg\" alt=\"\" width=\"225\" height=\"300\" srcset=\"https:\/\/blogsaverroes.juntadeandalucia.es\/ceipmiragenil\/files\/2023\/03\/1678963904365-225x300.jpg 225w, https:\/\/blogsaverroes.juntadeandalucia.es\/ceipmiragenil\/files\/2023\/03\/1678963904365-768x1024.jpg 768w, https:\/\/blogsaverroes.juntadeandalucia.es\/ceipmiragenil\/files\/2023\/03\/1678963904365.jpg 1080w\" sizes=\"(max-width: 225px) 100vw, 225px\" \/><\/a> <a href=\"https:\/\/blogsaverroes.juntadeandalucia.es\/ceipmiragenil\/files\/2023\/03\/1678963904377.jpg\"><img loading=\"lazy\" decoding=\"async\" class=\"alignnone size-medium wp-image-3184\" src=\"https:\/\/blogsaverroes.juntadeandalucia.es\/ceipmiragenil\/files\/2023\/03\/1678963904377-225x300.jpg\" alt=\"\" width=\"225\" height=\"300\" srcset=\"https:\/\/blogsaverroes.juntadeandalucia.es\/ceipmiragenil\/files\/2023\/03\/1678963904377-225x300.jpg 225w, https:\/\/blogsaverroes.juntadeandalucia.es\/ceipmiragenil\/files\/2023\/03\/1678963904377-768x1024.jpg 768w, https:\/\/blogsaverroes.juntadeandalucia.es\/ceipmiragenil\/files\/2023\/03\/1678963904377.jpg 1080w\" sizes=\"(max-width: 225px) 100vw, 225px\" \/><\/a> <a href=\"https:\/\/blogsaverroes.juntadeandalucia.es\/ceipmiragenil\/files\/2023\/03\/1678963904389.jpg\"><img loading=\"lazy\" decoding=\"async\" class=\"alignnone size-medium wp-image-3185\" src=\"https:\/\/blogsaverroes.juntadeandalucia.es\/ceipmiragenil\/files\/2023\/03\/1678963904389-300x225.jpg\" alt=\"\" width=\"300\" height=\"225\" srcset=\"https:\/\/blogsaverroes.juntadeandalucia.es\/ceipmiragenil\/files\/2023\/03\/1678963904389-300x225.jpg 300w, https:\/\/blogsaverroes.juntadeandalucia.es\/ceipmiragenil\/files\/2023\/03\/1678963904389-1024x768.jpg 1024w, https:\/\/blogsaverroes.juntadeandalucia.es\/ceipmiragenil\/files\/2023\/03\/1678963904389-768x576.jpg 768w, https:\/\/blogsaverroes.juntadeandalucia.es\/ceipmiragenil\/files\/2023\/03\/1678963904389.jpg 1080w\" sizes=\"(max-width: 300px) 100vw, 300px\" \/><\/a> <a href=\"https:\/\/blogsaverroes.juntadeandalucia.es\/ceipmiragenil\/files\/2023\/03\/1678963904401.jpg\"><img loading=\"lazy\" decoding=\"async\" class=\"alignnone size-medium wp-image-3186\" src=\"https:\/\/blogsaverroes.juntadeandalucia.es\/ceipmiragenil\/files\/2023\/03\/1678963904401-225x300.jpg\" alt=\"\" width=\"225\" height=\"300\" srcset=\"https:\/\/blogsaverroes.juntadeandalucia.es\/ceipmiragenil\/files\/2023\/03\/1678963904401-225x300.jpg 225w, https:\/\/blogsaverroes.juntadeandalucia.es\/ceipmiragenil\/files\/2023\/03\/1678963904401.jpg 768w\" sizes=\"(max-width: 225px) 100vw, 225px\" \/><\/a> <a href=\"https:\/\/blogsaverroes.juntadeandalucia.es\/ceipmiragenil\/files\/2023\/03\/1678963904412.jpg\"><img loading=\"lazy\" decoding=\"async\" class=\"alignnone size-medium wp-image-3187\" src=\"https:\/\/blogsaverroes.juntadeandalucia.es\/ceipmiragenil\/files\/2023\/03\/1678963904412-300x135.jpg\" alt=\"\" width=\"300\" height=\"135\" srcset=\"https:\/\/blogsaverroes.juntadeandalucia.es\/ceipmiragenil\/files\/2023\/03\/1678963904412-300x135.jpg 300w, https:\/\/blogsaverroes.juntadeandalucia.es\/ceipmiragenil\/files\/2023\/03\/1678963904412-1024x461.jpg 1024w, https:\/\/blogsaverroes.juntadeandalucia.es\/ceipmiragenil\/files\/2023\/03\/1678963904412-768x346.jpg 768w, https:\/\/blogsaverroes.juntadeandalucia.es\/ceipmiragenil\/files\/2023\/03\/1678963904412.jpg 1080w\" sizes=\"(max-width: 300px) 100vw, 300px\" \/><\/a> <a href=\"https:\/\/blogsaverroes.juntadeandalucia.es\/ceipmiragenil\/files\/2023\/03\/1678963904424.jpg\"><img loading=\"lazy\" decoding=\"async\" class=\"alignnone size-medium wp-image-3188\" src=\"https:\/\/blogsaverroes.juntadeandalucia.es\/ceipmiragenil\/files\/2023\/03\/1678963904424-225x300.jpg\" alt=\"\" width=\"225\" height=\"300\" srcset=\"https:\/\/blogsaverroes.juntadeandalucia.es\/ceipmiragenil\/files\/2023\/03\/1678963904424-225x300.jpg 225w, https:\/\/blogsaverroes.juntadeandalucia.es\/ceipmiragenil\/files\/2023\/03\/1678963904424-768x1024.jpg 768w, https:\/\/blogsaverroes.juntadeandalucia.es\/ceipmiragenil\/files\/2023\/03\/1678963904424.jpg 1080w\" sizes=\"(max-width: 225px) 100vw, 225px\" \/><\/a> <a href=\"https:\/\/blogsaverroes.juntadeandalucia.es\/ceipmiragenil\/files\/2023\/03\/1678963904435.jpg\"><img loading=\"lazy\" decoding=\"async\" class=\"alignnone size-medium wp-image-3189\" src=\"https:\/\/blogsaverroes.juntadeandalucia.es\/ceipmiragenil\/files\/2023\/03\/1678963904435-225x300.jpg\" alt=\"\" width=\"225\" height=\"300\" srcset=\"https:\/\/blogsaverroes.juntadeandalucia.es\/ceipmiragenil\/files\/2023\/03\/1678963904435-225x300.jpg 225w, https:\/\/blogsaverroes.juntadeandalucia.es\/ceipmiragenil\/files\/2023\/03\/1678963904435-768x1024.jpg 768w, https:\/\/blogsaverroes.juntadeandalucia.es\/ceipmiragenil\/files\/2023\/03\/1678963904435.jpg 1080w\" sizes=\"(max-width: 225px) 100vw, 225px\" \/><\/a> <a href=\"https:\/\/blogsaverroes.juntadeandalucia.es\/ceipmiragenil\/files\/2023\/03\/1678963904442.jpg\"><img loading=\"lazy\" decoding=\"async\" class=\"alignnone size-medium wp-image-3190\" src=\"https:\/\/blogsaverroes.juntadeandalucia.es\/ceipmiragenil\/files\/2023\/03\/1678963904442-225x300.jpg\" alt=\"\" width=\"225\" height=\"300\" srcset=\"https:\/\/blogsaverroes.juntadeandalucia.es\/ceipmiragenil\/files\/2023\/03\/1678963904442-225x300.jpg 225w, https:\/\/blogsaverroes.juntadeandalucia.es\/ceipmiragenil\/files\/2023\/03\/1678963904442-768x1024.jpg 768w, https:\/\/blogsaverroes.juntadeandalucia.es\/ceipmiragenil\/files\/2023\/03\/1678963904442.jpg 1080w\" sizes=\"(max-width: 225px) 100vw, 225px\" \/><\/a> <a href=\"https:\/\/blogsaverroes.juntadeandalucia.es\/ceipmiragenil\/files\/2023\/03\/1678963904447.jpg\"><img loading=\"lazy\" decoding=\"async\" class=\"alignnone size-medium wp-image-3191\" src=\"https:\/\/blogsaverroes.juntadeandalucia.es\/ceipmiragenil\/files\/2023\/03\/1678963904447-225x300.jpg\" alt=\"\" width=\"225\" height=\"300\" srcset=\"https:\/\/blogsaverroes.juntadeandalucia.es\/ceipmiragenil\/files\/2023\/03\/1678963904447-225x300.jpg 225w, https:\/\/blogsaverroes.juntadeandalucia.es\/ceipmiragenil\/files\/2023\/03\/1678963904447.jpg 720w\" sizes=\"(max-width: 225px) 100vw, 225px\" \/><\/a><\/p>\n","protected":false},"excerpt":{"rendered":"<p>El mi\u00e9rcoles 8 de marzo celebramos en el CEIP Miragenil el D\u00eda Internacional de la Mujer, se realizaron distintas actividades, una de ellas fue la realizaci\u00f3n de un \u00e1rbol en el cual el alumnado&#46;&#46;&#46;<\/p>\n","protected":false},"author":10455,"featured_media":3110,"comment_status":"open","ping_status":"open","sticky":false,"template":"","format":"standard","meta":{"ngg_post_thumbnail":0,"footnotes":""},"categories":[26636],"tags":[],"aioseo_notices":[],"_links":{"self":[{"href":"https:\/\/blogsaverroes.juntadeandalucia.es\/ceipmiragenil\/wp-json\/wp\/v2\/posts\/3175"}],"collection":[{"href":"https:\/\/blogsaverroes.juntadeandalucia.es\/ceipmiragenil\/wp-json\/wp\/v2\/posts"}],"about":[{"href":"https:\/\/blogsaverroes.juntadeandalucia.es\/ceipmiragenil\/wp-json\/wp\/v2\/types\/post"}],"author":[{"embeddable":true,"href":"https:\/\/blogsaverroes.juntadeandalucia.es\/ceipmiragenil\/wp-json\/wp\/v2\/users\/10455"}],"replies":[{"embeddable":true,"href":"https:\/\/blogsaverroes.juntadeandalucia.es\/ceipmiragenil\/wp-json\/wp\/v2\/comments?post=3175"}],"version-history":[{"count":2,"href":"https:\/\/blogsaverroes.juntadeandalucia.es\/ceipmiragenil\/wp-json\/wp\/v2\/posts\/3175\/revisions"}],"predecessor-version":[{"id":3194,"href":"https:\/\/blogsaverroes.juntadeandalucia.es\/ceipmiragenil\/wp-json\/wp\/v2\/posts\/3175\/revisions\/3194"}],"wp:featuredmedia":[{"embeddable":true,"href":"https:\/\/blogsaverroes.juntadeandalucia.es\/ceipmiragenil\/wp-json\/wp\/v2\/media\/3110"}],"wp:attachment":[{"href":"https:\/\/blogsaverroes.juntadeandalucia.es\/ceipmiragenil\/wp-json\/wp\/v2\/media?parent=3175"}],"wp:term":[{"taxonomy":"category","embeddable":true,"href":"https:\/\/blogsaverroes.juntadeandalucia.es\/ceipmiragenil\/wp-json\/wp\/v2\/categories?post=3175"},{"taxonomy":"post_tag","embeddable":true,"href":"https:\/\/blogsaverroes.juntadeandalucia.es\/ceipmiragenil\/wp-json\/wp\/v2\/tags?post=3175"}],"curies":[{"name":"wp","href":"https:\/\/api.w.org\/{rel}","templated":true}]}}