{"id":3261,"date":"2023-03-31T10:51:38","date_gmt":"2023-03-31T10:51:38","guid":{"rendered":"https:\/\/blogsaverroes.juntadeandalucia.es\/ceipmiragenil\/?p=3261"},"modified":"2023-05-24T11:47:59","modified_gmt":"2023-05-24T11:47:59","slug":"dia-mundial-de-concienciacion-sobre-el-autismo","status":"publish","type":"post","link":"https:\/\/blogsaverroes.juntadeandalucia.es\/ceipmiragenil\/dia-mundial-de-concienciacion-sobre-el-autismo\/","title":{"rendered":"D\u00eda Mundial de Concienciaci\u00f3n sobre el Autismo"},"content":{"rendered":"<p>El viernes 31 de marzo celebramos el D\u00eda Mundial de Concienciaci\u00f3n sobre el Autismo.<\/p>\n<p><a href=\"https:\/\/blogsaverroes.juntadeandalucia.es\/ceipmiragenil\/files\/2023\/05\/1684925271769.jpg\"><img loading=\"lazy\" decoding=\"async\" class=\"alignnone size-medium wp-image-3262\" src=\"https:\/\/blogsaverroes.juntadeandalucia.es\/ceipmiragenil\/files\/2023\/05\/1684925271769-300x225.jpg\" alt=\"\" width=\"300\" height=\"225\" srcset=\"https:\/\/blogsaverroes.juntadeandalucia.es\/ceipmiragenil\/files\/2023\/05\/1684925271769-300x225.jpg 300w, https:\/\/blogsaverroes.juntadeandalucia.es\/ceipmiragenil\/files\/2023\/05\/1684925271769-1024x768.jpg 1024w, https:\/\/blogsaverroes.juntadeandalucia.es\/ceipmiragenil\/files\/2023\/05\/1684925271769-768x576.jpg 768w, https:\/\/blogsaverroes.juntadeandalucia.es\/ceipmiragenil\/files\/2023\/05\/1684925271769.jpg 1080w\" sizes=\"(max-width: 300px) 100vw, 300px\" \/><\/a> <a href=\"https:\/\/blogsaverroes.juntadeandalucia.es\/ceipmiragenil\/files\/2023\/05\/1684925271776.jpg\"><img loading=\"lazy\" decoding=\"async\" class=\"alignnone size-medium wp-image-3263\" src=\"https:\/\/blogsaverroes.juntadeandalucia.es\/ceipmiragenil\/files\/2023\/05\/1684925271776-300x225.jpg\" alt=\"\" width=\"300\" height=\"225\" srcset=\"https:\/\/blogsaverroes.juntadeandalucia.es\/ceipmiragenil\/files\/2023\/05\/1684925271776-300x225.jpg 300w, https:\/\/blogsaverroes.juntadeandalucia.es\/ceipmiragenil\/files\/2023\/05\/1684925271776-1024x768.jpg 1024w, https:\/\/blogsaverroes.juntadeandalucia.es\/ceipmiragenil\/files\/2023\/05\/1684925271776-768x576.jpg 768w, https:\/\/blogsaverroes.juntadeandalucia.es\/ceipmiragenil\/files\/2023\/05\/1684925271776.jpg 1080w\" sizes=\"(max-width: 300px) 100vw, 300px\" \/><\/a> <a href=\"https:\/\/blogsaverroes.juntadeandalucia.es\/ceipmiragenil\/files\/2023\/05\/1684925271784.jpg\"><img loading=\"lazy\" decoding=\"async\" class=\"alignnone size-medium wp-image-3264\" src=\"https:\/\/blogsaverroes.juntadeandalucia.es\/ceipmiragenil\/files\/2023\/05\/1684925271784-300x225.jpg\" alt=\"\" width=\"300\" height=\"225\" srcset=\"https:\/\/blogsaverroes.juntadeandalucia.es\/ceipmiragenil\/files\/2023\/05\/1684925271784-300x225.jpg 300w, https:\/\/blogsaverroes.juntadeandalucia.es\/ceipmiragenil\/files\/2023\/05\/1684925271784-1024x768.jpg 1024w, https:\/\/blogsaverroes.juntadeandalucia.es\/ceipmiragenil\/files\/2023\/05\/1684925271784-768x576.jpg 768w, https:\/\/blogsaverroes.juntadeandalucia.es\/ceipmiragenil\/files\/2023\/05\/1684925271784.jpg 1080w\" sizes=\"(max-width: 300px) 100vw, 300px\" \/><\/a> <a href=\"https:\/\/blogsaverroes.juntadeandalucia.es\/ceipmiragenil\/files\/2023\/05\/1684925271793.jpg\"><img loading=\"lazy\" decoding=\"async\" class=\"alignnone size-medium wp-image-3265\" src=\"https:\/\/blogsaverroes.juntadeandalucia.es\/ceipmiragenil\/files\/2023\/05\/1684925271793-300x225.jpg\" alt=\"\" width=\"300\" height=\"225\" srcset=\"https:\/\/blogsaverroes.juntadeandalucia.es\/ceipmiragenil\/files\/2023\/05\/1684925271793-300x225.jpg 300w, https:\/\/blogsaverroes.juntadeandalucia.es\/ceipmiragenil\/files\/2023\/05\/1684925271793-1024x768.jpg 1024w, https:\/\/blogsaverroes.juntadeandalucia.es\/ceipmiragenil\/files\/2023\/05\/1684925271793-768x576.jpg 768w, https:\/\/blogsaverroes.juntadeandalucia.es\/ceipmiragenil\/files\/2023\/05\/1684925271793.jpg 1080w\" sizes=\"(max-width: 300px) 100vw, 300px\" \/><\/a> <a href=\"https:\/\/blogsaverroes.juntadeandalucia.es\/ceipmiragenil\/files\/2023\/05\/1684925271800.jpg\"><img loading=\"lazy\" decoding=\"async\" class=\"alignnone size-medium wp-image-3266\" src=\"https:\/\/blogsaverroes.juntadeandalucia.es\/ceipmiragenil\/files\/2023\/05\/1684925271800-300x225.jpg\" alt=\"\" width=\"300\" height=\"225\" srcset=\"https:\/\/blogsaverroes.juntadeandalucia.es\/ceipmiragenil\/files\/2023\/05\/1684925271800-300x225.jpg 300w, https:\/\/blogsaverroes.juntadeandalucia.es\/ceipmiragenil\/files\/2023\/05\/1684925271800-1024x768.jpg 1024w, https:\/\/blogsaverroes.juntadeandalucia.es\/ceipmiragenil\/files\/2023\/05\/1684925271800-768x576.jpg 768w, https:\/\/blogsaverroes.juntadeandalucia.es\/ceipmiragenil\/files\/2023\/05\/1684925271800.jpg 1080w\" sizes=\"(max-width: 300px) 100vw, 300px\" \/><\/a> <a href=\"https:\/\/blogsaverroes.juntadeandalucia.es\/ceipmiragenil\/files\/2023\/05\/1684925271808.jpg\"><img loading=\"lazy\" decoding=\"async\" class=\"alignnone size-medium wp-image-3267\" src=\"https:\/\/blogsaverroes.juntadeandalucia.es\/ceipmiragenil\/files\/2023\/05\/1684925271808-300x225.jpg\" alt=\"\" width=\"300\" height=\"225\" srcset=\"https:\/\/blogsaverroes.juntadeandalucia.es\/ceipmiragenil\/files\/2023\/05\/1684925271808-300x225.jpg 300w, https:\/\/blogsaverroes.juntadeandalucia.es\/ceipmiragenil\/files\/2023\/05\/1684925271808-768x576.jpg 768w, https:\/\/blogsaverroes.juntadeandalucia.es\/ceipmiragenil\/files\/2023\/05\/1684925271808.jpg 1024w\" sizes=\"(max-width: 300px) 100vw, 300px\" \/><\/a> <a href=\"https:\/\/blogsaverroes.juntadeandalucia.es\/ceipmiragenil\/files\/2023\/05\/1684925271815.jpg\"><img loading=\"lazy\" decoding=\"async\" class=\"alignnone size-medium wp-image-3268\" src=\"https:\/\/blogsaverroes.juntadeandalucia.es\/ceipmiragenil\/files\/2023\/05\/1684925271815-300x225.jpg\" alt=\"\" width=\"300\" height=\"225\" srcset=\"https:\/\/blogsaverroes.juntadeandalucia.es\/ceipmiragenil\/files\/2023\/05\/1684925271815-300x225.jpg 300w, https:\/\/blogsaverroes.juntadeandalucia.es\/ceipmiragenil\/files\/2023\/05\/1684925271815-768x576.jpg 768w, https:\/\/blogsaverroes.juntadeandalucia.es\/ceipmiragenil\/files\/2023\/05\/1684925271815.jpg 1024w\" sizes=\"(max-width: 300px) 100vw, 300px\" \/><\/a> <a href=\"https:\/\/blogsaverroes.juntadeandalucia.es\/ceipmiragenil\/files\/2023\/05\/1684925271824.jpg\"><img loading=\"lazy\" decoding=\"async\" class=\"alignnone size-medium wp-image-3269\" src=\"https:\/\/blogsaverroes.juntadeandalucia.es\/ceipmiragenil\/files\/2023\/05\/1684925271824-300x225.jpg\" alt=\"\" width=\"300\" height=\"225\" srcset=\"https:\/\/blogsaverroes.juntadeandalucia.es\/ceipmiragenil\/files\/2023\/05\/1684925271824-300x225.jpg 300w, https:\/\/blogsaverroes.juntadeandalucia.es\/ceipmiragenil\/files\/2023\/05\/1684925271824-768x576.jpg 768w, https:\/\/blogsaverroes.juntadeandalucia.es\/ceipmiragenil\/files\/2023\/05\/1684925271824.jpg 960w\" sizes=\"(max-width: 300px) 100vw, 300px\" \/><\/a><\/p>\n","protected":false},"excerpt":{"rendered":"<p>El viernes 31 de marzo celebramos el D\u00eda Mundial de Concienciaci\u00f3n sobre el Autismo.<\/p>\n","protected":false},"author":10455,"featured_media":3269,"comment_status":"open","ping_status":"open","sticky":false,"template":"","format":"standard","meta":{"ngg_post_thumbnail":0,"footnotes":""},"categories":[26636],"tags":[],"aioseo_notices":[],"_links":{"self":[{"href":"https:\/\/blogsaverroes.juntadeandalucia.es\/ceipmiragenil\/wp-json\/wp\/v2\/posts\/3261"}],"collection":[{"href":"https:\/\/blogsaverroes.juntadeandalucia.es\/ceipmiragenil\/wp-json\/wp\/v2\/posts"}],"about":[{"href":"https:\/\/blogsaverroes.juntadeandalucia.es\/ceipmiragenil\/wp-json\/wp\/v2\/types\/post"}],"author":[{"embeddable":true,"href":"https:\/\/blogsaverroes.juntadeandalucia.es\/ceipmiragenil\/wp-json\/wp\/v2\/users\/10455"}],"replies":[{"embeddable":true,"href":"https:\/\/blogsaverroes.juntadeandalucia.es\/ceipmiragenil\/wp-json\/wp\/v2\/comments?post=3261"}],"version-history":[{"count":1,"href":"https:\/\/blogsaverroes.juntadeandalucia.es\/ceipmiragenil\/wp-json\/wp\/v2\/posts\/3261\/revisions"}],"predecessor-version":[{"id":3270,"href":"https:\/\/blogsaverroes.juntadeandalucia.es\/ceipmiragenil\/wp-json\/wp\/v2\/posts\/3261\/revisions\/3270"}],"wp:featuredmedia":[{"embeddable":true,"href":"https:\/\/blogsaverroes.juntadeandalucia.es\/ceipmiragenil\/wp-json\/wp\/v2\/media\/3269"}],"wp:attachment":[{"href":"https:\/\/blogsaverroes.juntadeandalucia.es\/ceipmiragenil\/wp-json\/wp\/v2\/media?parent=3261"}],"wp:term":[{"taxonomy":"category","embeddable":true,"href":"https:\/\/blogsaverroes.juntadeandalucia.es\/ceipmiragenil\/wp-json\/wp\/v2\/categories?post=3261"},{"taxonomy":"post_tag","embeddable":true,"href":"https:\/\/blogsaverroes.juntadeandalucia.es\/ceipmiragenil\/wp-json\/wp\/v2\/tags?post=3261"}],"curies":[{"name":"wp","href":"https:\/\/api.w.org\/{rel}","templated":true}]}}