{"id":7875,"date":"2025-05-31T19:00:45","date_gmt":"2025-05-31T17:00:45","guid":{"rendered":"https:\/\/blogsaverroes.juntadeandalucia.es\/ceipmjav\/?p=7875"},"modified":"2025-05-31T19:03:00","modified_gmt":"2025-05-31T17:03:00","slug":"enhorabuena-claudia","status":"publish","type":"post","link":"https:\/\/blogsaverroes.juntadeandalucia.es\/ceipmjav\/enhorabuena-claudia\/","title":{"rendered":"\u00a1ENHORABUENA, CLAUDIA!"},"content":{"rendered":"<p><span style=\"color: #000000\">El pasado fin de semana, del 23 al 25 de mayo, se celebr\u00f3 en el Circuito de Calafat (Tarragona) el gran Premio de Motos J.Costa.<\/span><\/p>\n<p><span style=\"color: #000000\">Nuestra alumna de 6\u00ba de Ed. Primaria, Claudia, perteneciente al equipo de competici\u00f3n ANGELUSS se desplaz\u00f3 hasta el circuito para participar en la categor\u00eda Mini GP 110 cc.<\/span><\/p>\n<p><span style=\"color: #000000\">En un intenso fin de semana de entrenos y competici\u00f3n se alz\u00f3 con la 3\u00aa posici\u00f3n de su categor\u00eda, siendo la \u00fanica chica participante en la carrera, destacando por su velocidad e inteligencia en la carrera.<br \/>\n<\/span><\/p>\n<p>ngg_shortcode_0_placeholder<span style=\"color: #000000\">\u00a1\u00a1\u00a1ENHORABUENA, CLAUDIA!!!&nbsp; \u00a1A TODO GAS&#8230;.PERO CON CUIDADITO!<\/span><\/p>\n<p><iframe loading=\"lazy\" src=\"https:\/\/drive.google.com\/file\/d\/1tr_gFg9Rnn0Uwkjvi7eX3p_4KD2fTQje\/preview\" width=\"640\" height=\"480\"><\/iframe><\/p>\n<p><iframe loading=\"lazy\" src=\"https:\/\/drive.google.com\/file\/d\/1c9vVKqOpDkXj2u1meWp67J8en7Afs99G\/preview\" width=\"640\" height=\"480\"><\/iframe><\/p>\n","protected":false},"excerpt":{"rendered":"<p>El pasado fin de semana, del 23 al 25 de mayo, se celebr\u00f3 en el Circuito de Calafat (Tarragona) el gran Premio de Motos J.Costa. Nuestra alumna de 6\u00ba de Ed. Primaria, Claudia, perteneciente al equipo de competici\u00f3n ANGELUSS se desplaz\u00f3 hasta el circuito para participar en la categor\u00eda Mini GP 110 cc. En un [&hellip;]<\/p>\n","protected":false},"author":16393,"featured_media":7894,"comment_status":"open","ping_status":"open","sticky":false,"template":"","format":"standard","meta":{"_et_pb_use_builder":"","_et_pb_old_content":"","_et_gb_content_width":"","ngg_post_thumbnail":0,"footnotes":""},"categories":[3],"tags":[27],"aioseo_notices":[],"_links":{"self":[{"href":"https:\/\/blogsaverroes.juntadeandalucia.es\/ceipmjav\/wp-json\/wp\/v2\/posts\/7875"}],"collection":[{"href":"https:\/\/blogsaverroes.juntadeandalucia.es\/ceipmjav\/wp-json\/wp\/v2\/posts"}],"about":[{"href":"https:\/\/blogsaverroes.juntadeandalucia.es\/ceipmjav\/wp-json\/wp\/v2\/types\/post"}],"author":[{"embeddable":true,"href":"https:\/\/blogsaverroes.juntadeandalucia.es\/ceipmjav\/wp-json\/wp\/v2\/users\/16393"}],"replies":[{"embeddable":true,"href":"https:\/\/blogsaverroes.juntadeandalucia.es\/ceipmjav\/wp-json\/wp\/v2\/comments?post=7875"}],"version-history":[{"count":3,"href":"https:\/\/blogsaverroes.juntadeandalucia.es\/ceipmjav\/wp-json\/wp\/v2\/posts\/7875\/revisions"}],"predecessor-version":[{"id":7898,"href":"https:\/\/blogsaverroes.juntadeandalucia.es\/ceipmjav\/wp-json\/wp\/v2\/posts\/7875\/revisions\/7898"}],"wp:featuredmedia":[{"embeddable":true,"href":"https:\/\/blogsaverroes.juntadeandalucia.es\/ceipmjav\/wp-json\/wp\/v2\/media\/7894"}],"wp:attachment":[{"href":"https:\/\/blogsaverroes.juntadeandalucia.es\/ceipmjav\/wp-json\/wp\/v2\/media?parent=7875"}],"wp:term":[{"taxonomy":"category","embeddable":true,"href":"https:\/\/blogsaverroes.juntadeandalucia.es\/ceipmjav\/wp-json\/wp\/v2\/categories?post=7875"},{"taxonomy":"post_tag","embeddable":true,"href":"https:\/\/blogsaverroes.juntadeandalucia.es\/ceipmjav\/wp-json\/wp\/v2\/tags?post=7875"}],"curies":[{"name":"wp","href":"https:\/\/api.w.org\/{rel}","templated":true}]}}